{"id":18288,"date":"2026-01-05T11:58:44","date_gmt":"2026-01-05T16:58:44","guid":{"rendered":"https:\/\/fdnoaxaca.net\/?p=18288"},"modified":"2026-01-05T11:58:46","modified_gmt":"2026-01-05T16:58:46","slug":"desde-oaxaca-exigen-frenar-criminalizacion-del-periodismo","status":"publish","type":"post","link":"https:\/\/fdnoaxaca.net\/index.php\/2026\/01\/05\/desde-oaxaca-exigen-frenar-criminalizacion-del-periodismo\/","title":{"rendered":"Desde Oaxaca, exigen frenar criminalizaci\u00f3n del periodismo"},"content":{"rendered":"\n<p>Oaxaca, Oax., 5 de enero de 2026.-\u00a0Desde Oaxaca, el gremio period\u00edstico exigi\u00f3 respeto, garant\u00edas y libertad para ejercer el periodismo en el pa\u00eds.<\/p>\n\n\n\n<p>Se pronunci\u00f3 contra la persecuci\u00f3n, la censura y el uso del poder p\u00fablico para castigar la labor informativa.<\/p>\n\n\n\n<p>En el D\u00eda Nacional del Periodista, que se conmemora cada 4 de enero, integrantes del gremio period\u00edstico de Oaxaca denunciaron que la libertad de expresi\u00f3n est\u00e1 siendo amenazada desde el poder p\u00fablico.<\/p>\n\n\n\n<p>Durante una concentraci\u00f3n convocada por el Foro Nacional de Periodistas y Comunicadores, Cap\u00edtulo Oaxaca, el periodista Humberto Cruz Mat\u00edas, integrante del Comit\u00e9 Directivo dio lectura a un pronunciamiento en el que destac\u00f3 que un Estado verdaderamente democr\u00e1tico se construye con respeto a la dignidad humana, y a la libertad de expresi\u00f3n y al derecho a la informaci\u00f3n.<\/p>\n\n\n\n<p>Sin estos derechos no hay democracia, no hay rendici\u00f3n de cuentas y no hay justicia, puntualiz\u00f3 durante el acto celebrado en el Hemiciclo a Ju\u00e1rez, en el Paseo Ju\u00e1rez El Llano.<\/p>\n\n\n\n<p>Por ello, dijo, ning\u00fan servidor p\u00fablico, de ning\u00fan nivel de gobierno, debe utilizar el poder del Estado, las leyes, los recursos p\u00fablicos o las instituciones para perseguir, intimidar, castigar o silenciar a periodistas, comunicadores o medios de comunicaci\u00f3n por ejercer su trabajo.<\/p>\n\n\n\n<p>\u201cEl periodismo no es un privilegio. El periodismo no es una concesi\u00f3n del poder. El periodismo es un derecho de la sociedad\u201d, puntualiz\u00f3.<\/p>\n\n\n\n<p>Y aclar\u00f3 que el ejercicio period\u00edstico no solo informa, defiende derechos humanos, da voz a quienes han sido hist\u00f3ricamente ignorados, vigila al poder y funciona como una contralor\u00eda social indispensable para el equilibrio de las instituciones p\u00fablicas.<\/p>\n\n\n\n<p>&#8220;Criminalizar el periodismo es debilitar el Estado de Derecho.&nbsp;Usar la ley para castigar la cr\u00edtica es una forma de censura.&nbsp;Intimidar a la prensa es una se\u00f1al de retroceso democr\u00e1tico&#8221;, sostuvo.<\/p>\n\n\n\n<p>\u201cHoy denunciamos hechos graves que no pueden ser ignorados.<\/p>\n\n\n\n<p>Los casos de Veracruz y Campeche, as\u00ed como los intentos de imponer leyes mordaza en Puebla, muestran un patr\u00f3n preocupante: la intolerancia a la cr\u00edtica y el uso del aparato legal para inhibir la labor period\u00edstica&#8221;, dijo por su parte el periodista Luis Ram\u00edrez, presidente del Cap\u00edtulo Oaxaca del Foro Nacional de Periodistas.<\/p>\n\n\n\n<p>Estos hechos, agreg\u00f3, env\u00edan un mensaje peligroso: que informar puede tener consecuencias penales.<\/p>\n\n\n\n<p>&#8220;Ese mensaje es inaceptable en un pa\u00eds que se dice democr\u00e1tico&#8221;.<\/p>\n\n\n\n<p>&#8220;Desde aqu\u00ed lo decimos con absoluta claridad: El periodismo no es delito. La cr\u00edtica no es delito. Informar no es delito&#8221;, enfatiz\u00f3.<\/p>\n","protected":false},"excerpt":{"rendered":"<p>Oaxaca, Oax., 5 de enero de 2026.-\u00a0Desde Oaxaca, el gremio period\u00edstico exigi\u00f3 respeto, garant\u00edas y libertad para ejercer el periodismo en el pa\u00eds. Se pronunci\u00f3 contra la persecuci\u00f3n, la censura y el uso del poder p\u00fablico para castigar la labor informativa. En el D\u00eda Nacional del Periodista, que se conmemora cada 4 de enero, integrantes&#8230;<\/p>\n","protected":false},"author":4,"featured_media":18289,"comment_status":"closed","ping_status":"closed","sticky":false,"template":"","format":"standard","meta":{"footnotes":""},"categories":[49],"tags":[],"class_list":["post-18288","post","type-post","status-publish","format-standard","has-post-thumbnail","hentry","category-titulares"],"_links":{"self":[{"href":"https:\/\/fdnoaxaca.net\/index.php\/wp-json\/wp\/v2\/posts\/18288","targetHints":{"allow":["GET"]}}],"collection":[{"href":"https:\/\/fdnoaxaca.net\/index.php\/wp-json\/wp\/v2\/posts"}],"about":[{"href":"https:\/\/fdnoaxaca.net\/index.php\/wp-json\/wp\/v2\/types\/post"}],"author":[{"embeddable":true,"href":"https:\/\/fdnoaxaca.net\/index.php\/wp-json\/wp\/v2\/users\/4"}],"replies":[{"embeddable":true,"href":"https:\/\/fdnoaxaca.net\/index.php\/wp-json\/wp\/v2\/comments?post=18288"}],"version-history":[{"count":1,"href":"https:\/\/fdnoaxaca.net\/index.php\/wp-json\/wp\/v2\/posts\/18288\/revisions"}],"predecessor-version":[{"id":18290,"href":"https:\/\/fdnoaxaca.net\/index.php\/wp-json\/wp\/v2\/posts\/18288\/revisions\/18290"}],"wp:featuredmedia":[{"embeddable":true,"href":"https:\/\/fdnoaxaca.net\/index.php\/wp-json\/wp\/v2\/media\/18289"}],"wp:attachment":[{"href":"https:\/\/fdnoaxaca.net\/index.php\/wp-json\/wp\/v2\/media?parent=18288"}],"wp:term":[{"taxonomy":"category","embeddable":true,"href":"https:\/\/fdnoaxaca.net\/index.php\/wp-json\/wp\/v2\/categories?post=18288"},{"taxonomy":"post_tag","embeddable":true,"href":"https:\/\/fdnoaxaca.net\/index.php\/wp-json\/wp\/v2\/tags?post=18288"}],"curies":[{"name":"wp","href":"https:\/\/api.w.org\/{rel}","templated":true}]}}