{"id":18293,"date":"2026-01-05T12:50:29","date_gmt":"2026-01-05T17:50:29","guid":{"rendered":"https:\/\/fdnoaxaca.net\/?p=18293"},"modified":"2026-01-05T12:50:31","modified_gmt":"2026-01-05T17:50:31","slug":"continuan-hospitalizados-11-heridos-del-descarrilamiento-del-tren-interoceanico","status":"publish","type":"post","link":"https:\/\/fdnoaxaca.net\/index.php\/2026\/01\/05\/continuan-hospitalizados-11-heridos-del-descarrilamiento-del-tren-interoceanico\/","title":{"rendered":"Contin\u00faan hospitalizados 11 heridos del\u00a0descarrilamiento del Tren Interoce\u00e1nico"},"content":{"rendered":"\n<p>Oaxaca de Ju\u00e1rez, Oax., 5 de enero de 2026. El gobierno de Oaxaca inform\u00f3 este lunes que contin\u00faan hospitalizadas 11 personas lesionadas del&nbsp;descarrilamiento del Tren Interoce\u00e1nico, ocurrido el 28 de diciembre en el municipio de Asunci\u00f3n Ixtaltepec, en la regi\u00f3n del Istmo.<\/p>\n\n\n\n<p>En el tren&nbsp;viajaban nueve integrantes de la tripulaci\u00f3n y 241 pasajeros. A&nbsp;la fecha, el saldo es de 11 personas hospitalizadas y 14 fallecidas.<\/p>\n\n\n\n<p>Las&nbsp;11 personas se encuentran internadas en los hospitales general de Salina Cruz, IMSS Bienestar, el General de Zona n\u00famero 1, el Regional de Alta Especialidad de Oaxaca (HRAEO), y el Regional ISSSTE Presidente Ju\u00e1rez.<\/p>\n\n\n\n<p>As\u00ed como en el ISSSTE 20 de Noviembre y el ISSSTE Regional General Ignacio Zaragoza, ambos de la Ciudad de M\u00e9xico, y el General Regional Licenciado Ignacio Garc\u00eda T\u00e9llez n\u00famero T1, IMSS M\u00e9rida.<\/p>\n\n\n\n<p>Todas se encuentran en observaci\u00f3n m\u00e9dica y cuentan con el acompa\u00f1amiento de la Secretar\u00eda de Gobierno, la Coordinaci\u00f3n para la Atenci\u00f3n de Derechos Humanos (CADH) y la Coordinaci\u00f3n de Delegados de Paz Social (Cdpaz).<\/p>\n","protected":false},"excerpt":{"rendered":"<p>Oaxaca de Ju\u00e1rez, Oax., 5 de enero de 2026. El gobierno de Oaxaca inform\u00f3 este lunes que contin\u00faan hospitalizadas 11 personas lesionadas del&nbsp;descarrilamiento del Tren Interoce\u00e1nico, ocurrido el 28 de diciembre en el municipio de Asunci\u00f3n Ixtaltepec, en la regi\u00f3n del Istmo. En el tren&nbsp;viajaban nueve integrantes de la tripulaci\u00f3n y 241 pasajeros. A&nbsp;la fecha,&#8230;<\/p>\n","protected":false},"author":4,"featured_media":18294,"comment_status":"closed","ping_status":"closed","sticky":false,"template":"","format":"standard","meta":{"footnotes":""},"categories":[49],"tags":[],"class_list":["post-18293","post","type-post","status-publish","format-standard","has-post-thumbnail","hentry","category-titulares"],"_links":{"self":[{"href":"https:\/\/fdnoaxaca.net\/index.php\/wp-json\/wp\/v2\/posts\/18293","targetHints":{"allow":["GET"]}}],"collection":[{"href":"https:\/\/fdnoaxaca.net\/index.php\/wp-json\/wp\/v2\/posts"}],"about":[{"href":"https:\/\/fdnoaxaca.net\/index.php\/wp-json\/wp\/v2\/types\/post"}],"author":[{"embeddable":true,"href":"https:\/\/fdnoaxaca.net\/index.php\/wp-json\/wp\/v2\/users\/4"}],"replies":[{"embeddable":true,"href":"https:\/\/fdnoaxaca.net\/index.php\/wp-json\/wp\/v2\/comments?post=18293"}],"version-history":[{"count":1,"href":"https:\/\/fdnoaxaca.net\/index.php\/wp-json\/wp\/v2\/posts\/18293\/revisions"}],"predecessor-version":[{"id":18295,"href":"https:\/\/fdnoaxaca.net\/index.php\/wp-json\/wp\/v2\/posts\/18293\/revisions\/18295"}],"wp:featuredmedia":[{"embeddable":true,"href":"https:\/\/fdnoaxaca.net\/index.php\/wp-json\/wp\/v2\/media\/18294"}],"wp:attachment":[{"href":"https:\/\/fdnoaxaca.net\/index.php\/wp-json\/wp\/v2\/media?parent=18293"}],"wp:term":[{"taxonomy":"category","embeddable":true,"href":"https:\/\/fdnoaxaca.net\/index.php\/wp-json\/wp\/v2\/categories?post=18293"},{"taxonomy":"post_tag","embeddable":true,"href":"https:\/\/fdnoaxaca.net\/index.php\/wp-json\/wp\/v2\/tags?post=18293"}],"curies":[{"name":"wp","href":"https:\/\/api.w.org\/{rel}","templated":true}]}}