{"id":18304,"date":"2026-01-06T00:18:14","date_gmt":"2026-01-06T05:18:14","guid":{"rendered":"https:\/\/fdnoaxaca.net\/?p=18304"},"modified":"2026-01-06T00:18:35","modified_gmt":"2026-01-06T05:18:35","slug":"atienden-incendio-de-pastizales-en-el-cerro-del-creston","status":"publish","type":"post","link":"https:\/\/fdnoaxaca.net\/index.php\/2026\/01\/06\/atienden-incendio-de-pastizales-en-el-cerro-del-creston\/","title":{"rendered":"Atienden incendio de pastizales en el Cerro del Crest\u00f3n"},"content":{"rendered":"\n<p>Oaxaca, Oax., 5 de enero de 2025.- La Comisi\u00f3n Estatal Forestal (Coesfo), a trav\u00e9s de la brigada Santa Cruz Xoxocotl\u00e1n, atendi\u00f3 el incendio de pastizales registrado en el Cerro del Crest\u00f3n, en la capital de Oaxaca.<\/p>\n\n\n\n<p>Sobre el siniestro, Protecci\u00f3n Civil inform\u00f3 que \u00e9ste&nbsp;correspondi\u00f3 a la quema de pastizal, hierba seca y basura, sin que se reportaran personas lesionadas ni afectaciones a viviendas cercanas.<\/p>\n\n\n\n<p>El incendio fue atendido mediante el trabajo coordinado del Heroico Cuerpo de Bomberos de Estado de Oaxaca (HCBO), la Comisi\u00f3n Estatal Forestal (Coesfo) y Protecci\u00f3n Civil de Oaxaca de Ju\u00e1rez.<\/p>\n","protected":false},"excerpt":{"rendered":"<p>Oaxaca, Oax., 5 de enero de 2025.- La Comisi\u00f3n Estatal Forestal (Coesfo), a trav\u00e9s de la brigada Santa Cruz Xoxocotl\u00e1n, atendi\u00f3 el incendio de pastizales registrado en el Cerro del Crest\u00f3n, en la capital de Oaxaca. Sobre el siniestro, Protecci\u00f3n Civil inform\u00f3 que \u00e9ste&nbsp;correspondi\u00f3 a la quema de pastizal, hierba seca y basura, sin que&#8230;<\/p>\n","protected":false},"author":4,"featured_media":18305,"comment_status":"closed","ping_status":"closed","sticky":false,"template":"","format":"standard","meta":{"footnotes":""},"categories":[4],"tags":[],"class_list":["post-18304","post","type-post","status-publish","format-standard","has-post-thumbnail","hentry","category-general"],"_links":{"self":[{"href":"https:\/\/fdnoaxaca.net\/index.php\/wp-json\/wp\/v2\/posts\/18304","targetHints":{"allow":["GET"]}}],"collection":[{"href":"https:\/\/fdnoaxaca.net\/index.php\/wp-json\/wp\/v2\/posts"}],"about":[{"href":"https:\/\/fdnoaxaca.net\/index.php\/wp-json\/wp\/v2\/types\/post"}],"author":[{"embeddable":true,"href":"https:\/\/fdnoaxaca.net\/index.php\/wp-json\/wp\/v2\/users\/4"}],"replies":[{"embeddable":true,"href":"https:\/\/fdnoaxaca.net\/index.php\/wp-json\/wp\/v2\/comments?post=18304"}],"version-history":[{"count":1,"href":"https:\/\/fdnoaxaca.net\/index.php\/wp-json\/wp\/v2\/posts\/18304\/revisions"}],"predecessor-version":[{"id":18306,"href":"https:\/\/fdnoaxaca.net\/index.php\/wp-json\/wp\/v2\/posts\/18304\/revisions\/18306"}],"wp:featuredmedia":[{"embeddable":true,"href":"https:\/\/fdnoaxaca.net\/index.php\/wp-json\/wp\/v2\/media\/18305"}],"wp:attachment":[{"href":"https:\/\/fdnoaxaca.net\/index.php\/wp-json\/wp\/v2\/media?parent=18304"}],"wp:term":[{"taxonomy":"category","embeddable":true,"href":"https:\/\/fdnoaxaca.net\/index.php\/wp-json\/wp\/v2\/categories?post=18304"},{"taxonomy":"post_tag","embeddable":true,"href":"https:\/\/fdnoaxaca.net\/index.php\/wp-json\/wp\/v2\/tags?post=18304"}],"curies":[{"name":"wp","href":"https:\/\/api.w.org\/{rel}","templated":true}]}}