{"id":18307,"date":"2026-01-06T12:41:18","date_gmt":"2026-01-06T17:41:18","guid":{"rendered":"https:\/\/fdnoaxaca.net\/?p=18307"},"modified":"2026-01-06T12:41:19","modified_gmt":"2026-01-06T17:41:19","slug":"persistira-tiempo-estable-y-ambiente-frio-al-amanecer-en-oaxaca","status":"publish","type":"post","link":"https:\/\/fdnoaxaca.net\/index.php\/2026\/01\/06\/persistira-tiempo-estable-y-ambiente-frio-al-amanecer-en-oaxaca\/","title":{"rendered":"Persistir\u00e1 tiempo estable y ambiente fr\u00edo al amanecer en Oaxaca"},"content":{"rendered":"\n<ul class=\"wp-block-list\">\n<li><em>Los vientos de norte se presentar\u00e1n de ligeros a moderados en la mayor parte de la entidad.<\/em><\/li>\n<\/ul>\n\n\n\n<p>Oaxaca, Oax., 6 de enero de 2025.- La Coordinaci\u00f3n Estatal de Protecci\u00f3n Civil y Gesti\u00f3n de Riesgos (CEPCyGR) informa que una circulaci\u00f3n anticicl\u00f3nica situada sobre el sur del Golfo de M\u00e9xico continuar\u00e1 ejerciendo influencia directa sobre el estado, favoreciendo el predominio de cielo despejado e intensa radiaci\u00f3n solar durante las horas centrales del d\u00eda.<\/p>\n\n\n\n<p>De acuerdo con el pron\u00f3stico del tiempo emitido por la Comisi\u00f3n Nacional del Agua (Conagua), las temperaturas se mantendr\u00e1n fr\u00edas al amanecer y durante la noche en zonas altas de la Mixteca, Sierra de Ju\u00e1rez, Sierra Sur y Sierra de Flores Mag\u00f3n; mientras que en zonas costeras y llanuras de la Cuenca del Papaloapan se prev\u00e9 ambiente fresco.<\/p>\n\n\n\n<p>Por otro lado, los vientos de norte se presentar\u00e1n ligeros a moderados en la mayor parte de la entidad.<\/p>\n\n\n\n<p>Las temperaturas para este d\u00eda son las siguientes:<\/p>\n\n\n\n<ul class=\"wp-block-list\">\n<li>Valles Centrales, m\u00ednima de 11 y m\u00e1xima de 28 grados<\/li>\n\n\n\n<li>Istmo de Tehuantepec, m\u00ednima de 21 y m\u00e1xima de 34 grados<\/li>\n\n\n\n<li>Cuenca del Papaloapan, m\u00ednima de 15 y m\u00e1xima de 30 grados<\/li>\n\n\n\n<li>Costa, m\u00ednima de 22 y m\u00e1xima de 33 grados<\/li>\n\n\n\n<li>Mixteca, m\u00ednima de 8 y m\u00e1xima de 27 grados<\/li>\n\n\n\n<li>Sierra de Flores Mag\u00f3n, m\u00ednima de 13 y m\u00e1xima de 30 grados<\/li>\n\n\n\n<li>Sierra de Ju\u00e1rez, m\u00ednima de 5 y m\u00e1xima de 24 grados<\/li>\n\n\n\n<li>Sierra Sur, m\u00ednima de 7 y m\u00e1xima de 24 grados<\/li>\n<\/ul>\n\n\n\n<p>Protecci\u00f3n Civil exhorta a la poblaci\u00f3n atender recomendaciones de Protecci\u00f3n Civil y Capitan\u00edas de Puerto.<\/p>\n","protected":false},"excerpt":{"rendered":"<p>Oaxaca, Oax., 6 de enero de 2025.- La Coordinaci\u00f3n Estatal de Protecci\u00f3n Civil y Gesti\u00f3n de Riesgos (CEPCyGR) informa que una circulaci\u00f3n anticicl\u00f3nica situada sobre el sur del Golfo de M\u00e9xico continuar\u00e1 ejerciendo influencia directa sobre el estado, favoreciendo el predominio de cielo despejado e intensa radiaci\u00f3n solar durante las horas centrales del d\u00eda. De&#8230;<\/p>\n","protected":false},"author":4,"featured_media":18308,"comment_status":"closed","ping_status":"closed","sticky":false,"template":"","format":"standard","meta":{"footnotes":""},"categories":[4],"tags":[],"class_list":["post-18307","post","type-post","status-publish","format-standard","has-post-thumbnail","hentry","category-general"],"_links":{"self":[{"href":"https:\/\/fdnoaxaca.net\/index.php\/wp-json\/wp\/v2\/posts\/18307","targetHints":{"allow":["GET"]}}],"collection":[{"href":"https:\/\/fdnoaxaca.net\/index.php\/wp-json\/wp\/v2\/posts"}],"about":[{"href":"https:\/\/fdnoaxaca.net\/index.php\/wp-json\/wp\/v2\/types\/post"}],"author":[{"embeddable":true,"href":"https:\/\/fdnoaxaca.net\/index.php\/wp-json\/wp\/v2\/users\/4"}],"replies":[{"embeddable":true,"href":"https:\/\/fdnoaxaca.net\/index.php\/wp-json\/wp\/v2\/comments?post=18307"}],"version-history":[{"count":1,"href":"https:\/\/fdnoaxaca.net\/index.php\/wp-json\/wp\/v2\/posts\/18307\/revisions"}],"predecessor-version":[{"id":18309,"href":"https:\/\/fdnoaxaca.net\/index.php\/wp-json\/wp\/v2\/posts\/18307\/revisions\/18309"}],"wp:featuredmedia":[{"embeddable":true,"href":"https:\/\/fdnoaxaca.net\/index.php\/wp-json\/wp\/v2\/media\/18308"}],"wp:attachment":[{"href":"https:\/\/fdnoaxaca.net\/index.php\/wp-json\/wp\/v2\/media?parent=18307"}],"wp:term":[{"taxonomy":"category","embeddable":true,"href":"https:\/\/fdnoaxaca.net\/index.php\/wp-json\/wp\/v2\/categories?post=18307"},{"taxonomy":"post_tag","embeddable":true,"href":"https:\/\/fdnoaxaca.net\/index.php\/wp-json\/wp\/v2\/tags?post=18307"}],"curies":[{"name":"wp","href":"https:\/\/api.w.org\/{rel}","templated":true}]}}