{"id":18603,"date":"2026-01-27T16:25:14","date_gmt":"2026-01-27T21:25:14","guid":{"rendered":"https:\/\/fdnoaxaca.net\/?p=18603"},"modified":"2026-01-27T16:25:17","modified_gmt":"2026-01-27T21:25:17","slug":"cinco-casos-de-sarampion-se-han-presentado-en-oaxaca-en-el-inicio-de-este-2026","status":"publish","type":"post","link":"https:\/\/fdnoaxaca.net\/index.php\/2026\/01\/27\/cinco-casos-de-sarampion-se-han-presentado-en-oaxaca-en-el-inicio-de-este-2026\/","title":{"rendered":"Cinco casos de sarampi\u00f3n se han presentado en Oaxaca en el inicio de este 2026"},"content":{"rendered":"\n<p>Oaxaca de Ju\u00e1rez, Oax. 27 de enero de 2026.- Los Servicios de Salud de Oaxaca confirm\u00f3 que en el estado se han presentado cinco casos de sarampi\u00f3n en lo que va de este a\u00f1o 2026.<\/p>\n\n\n\n<p>Asegur\u00f3 que en todos los casos, los pacientes tuvieron evoluci\u00f3n favorable, sin complicaciones y con alta m\u00e9dica.<\/p>\n\n\n\n<p>Este registro se suma a los seis casos ocurridos en el a\u00f1o 2025, por lo que con ello, son 11 los registrados.<\/p>\n\n\n\n<p>Consider\u00f3 que, como acci\u00f3n preventiva para reducir el riesgo de contagio de sarampi\u00f3n, la dependencia garantiza la aplicaci\u00f3n de la denominada \u201cdosis cero\u201d a ni\u00f1os de 6 a 11 meses de edad, en las diferentes unidades m\u00e9dicas del estado.<\/p>\n\n\n\n<p>El titular de Servicios de Salud de Oaxaca (SSO), Efr\u00e9n Emmanuel Jarqu\u00edn Gonz\u00e1lez, explic\u00f3 que esta ampliaci\u00f3n del biol\u00f3gico a dicho grupo etario busca reforzar la protecci\u00f3n ante los escenarios de alta transmisi\u00f3n registrados a nivel nacional.<\/p>\n\n\n\n<p>Subray\u00f3 la importancia de anticiparse y prevenir al tratarse de un padecimiento altamente contagioso que puede generar complicaciones graves, principalmente en la poblaci\u00f3n infantil.<\/p>\n\n\n\n<p>Seg\u00fan la dependencia, Oaxaca dispone del biol\u00f3gico en todas las unidades m\u00e9dicas, que incluye la Vacuna Triple Viral (SRP), que protege contra sarampi\u00f3n, rub\u00e9ola y parotiditis -aplicada a los 6, 12 y 18 meses de edad- con una dosis adicional a los 6 a\u00f1os, y a los 10 a\u00f1os en caso de esquema incompleto. Se cuenta con la Vacuna Doble Viral (SR) para adultos, que protege contra sarampi\u00f3n y rub\u00e9ola.<\/p>\n","protected":false},"excerpt":{"rendered":"<p>Oaxaca de Ju\u00e1rez, Oax. 27 de enero de 2026.- Los Servicios de Salud de Oaxaca confirm\u00f3 que en el estado se han presentado cinco casos de sarampi\u00f3n en lo que va de este a\u00f1o 2026. Asegur\u00f3 que en todos los casos, los pacientes tuvieron evoluci\u00f3n favorable, sin complicaciones y con alta m\u00e9dica. Este registro se&#8230;<\/p>\n","protected":false},"author":4,"featured_media":18604,"comment_status":"closed","ping_status":"closed","sticky":false,"template":"","format":"standard","meta":{"footnotes":""},"categories":[49],"tags":[],"class_list":["post-18603","post","type-post","status-publish","format-standard","has-post-thumbnail","hentry","category-titulares"],"_links":{"self":[{"href":"https:\/\/fdnoaxaca.net\/index.php\/wp-json\/wp\/v2\/posts\/18603","targetHints":{"allow":["GET"]}}],"collection":[{"href":"https:\/\/fdnoaxaca.net\/index.php\/wp-json\/wp\/v2\/posts"}],"about":[{"href":"https:\/\/fdnoaxaca.net\/index.php\/wp-json\/wp\/v2\/types\/post"}],"author":[{"embeddable":true,"href":"https:\/\/fdnoaxaca.net\/index.php\/wp-json\/wp\/v2\/users\/4"}],"replies":[{"embeddable":true,"href":"https:\/\/fdnoaxaca.net\/index.php\/wp-json\/wp\/v2\/comments?post=18603"}],"version-history":[{"count":1,"href":"https:\/\/fdnoaxaca.net\/index.php\/wp-json\/wp\/v2\/posts\/18603\/revisions"}],"predecessor-version":[{"id":18605,"href":"https:\/\/fdnoaxaca.net\/index.php\/wp-json\/wp\/v2\/posts\/18603\/revisions\/18605"}],"wp:featuredmedia":[{"embeddable":true,"href":"https:\/\/fdnoaxaca.net\/index.php\/wp-json\/wp\/v2\/media\/18604"}],"wp:attachment":[{"href":"https:\/\/fdnoaxaca.net\/index.php\/wp-json\/wp\/v2\/media?parent=18603"}],"wp:term":[{"taxonomy":"category","embeddable":true,"href":"https:\/\/fdnoaxaca.net\/index.php\/wp-json\/wp\/v2\/categories?post=18603"},{"taxonomy":"post_tag","embeddable":true,"href":"https:\/\/fdnoaxaca.net\/index.php\/wp-json\/wp\/v2\/tags?post=18603"}],"curies":[{"name":"wp","href":"https:\/\/api.w.org\/{rel}","templated":true}]}}