{"id":18612,"date":"2026-01-29T03:04:23","date_gmt":"2026-01-29T08:04:23","guid":{"rendered":"https:\/\/fdnoaxaca.net\/?p=18612"},"modified":"2026-01-29T03:04:25","modified_gmt":"2026-01-29T08:04:25","slug":"destaca-titular-del-ieepco-cumplimiento-de-la-ley-en-jornada-de-revocacion-y-llama-a-la-ciudadania-a-fortalecer-la-democracia-participativa","status":"publish","type":"post","link":"https:\/\/fdnoaxaca.net\/index.php\/2026\/01\/29\/destaca-titular-del-ieepco-cumplimiento-de-la-ley-en-jornada-de-revocacion-y-llama-a-la-ciudadania-a-fortalecer-la-democracia-participativa\/","title":{"rendered":"Destaca titular del IEEPCO cumplimiento de la ley en jornada de revocaci\u00f3n; y llama a la ciudadan\u00eda a fortalecer la democracia participativa\u00a0"},"content":{"rendered":"\n<p>Lizbeth Flores Barrera&nbsp;<\/p>\n\n\n\n<p>Oaxaca, Oax., 29 de enero de 2026.- Elizabeth S\u00e1nchez Gonz\u00e1lez, titular del Instituto Estatal Electoral y de Participaci\u00f3n Ciudadana de Oaxaca (IEEPCO), destac\u00f3 el cumplimiento de la ley y la Constituci\u00f3n en la jornada de revocaci\u00f3n de mandato del Gobernador.&nbsp;<\/p>\n\n\n\n<p>\u201cActuamos en el marco de un respeto irrestricto al principio de legalidad, cumplimos fundamental con lo que la ley y la Constituci\u00f3n nos mandata, no corresponde a este Instituto pronunciarse sobre el significado, implicaciones o impactos de los resultados\u201d.<\/p>\n\n\n\n<p>\u201cEn todo caso, nuestro papel se ci\u00f1e a la realizaci\u00f3n de un ejercicio autorreflexivo de las acciones ejecutadas en el marco de este proceso y de los procesos que se avecinan, que constituir\u00e1n un gran reto\u201d, afirm\u00f3.&nbsp;<\/p>\n\n\n\n<p>Durante su intervenci\u00f3n en la sesi\u00f3n del Consejo General del IEEPCO para la declaratoria de resultados y la aprobaci\u00f3n del acta de c\u00f3mputo estatal relativa a la jornada de revocaci\u00f3n, S\u00e1nchez Gonz\u00e1lez tambi\u00e9n llam\u00f3 a la ciudadan\u00eda a fortalecer la democracia participativa.&nbsp;<\/p>\n\n\n\n<p>Ello, ante un escenario donde en la jornada \u00fanicamente particip\u00f3 el 29.90% de la ciudadan\u00eda inscrita en la Lista Nominal, lo que representa un abstencionismo del casi 70% de la poblaci\u00f3n que la integra.&nbsp;&nbsp;<\/p>\n\n\n\n<p>\u201cLo fundamental de este proceso es haber generado las condiciones para que la ciudadan\u00eda pueda realizar y evaluar con total responsabilidad el desempe\u00f1o de la persona titular del Ejecutivo, sobre todo, pronunciarse sobre ello. Ahora es justamente la ciudadan\u00eda la que debe fortalecerse para el avance significativo de una democracia participativa en la entidad\u201d, refiri\u00f3.&nbsp;<\/p>\n\n\n\n<p>Ante las incidencias registradas, la titular del IEEPCO asegur\u00f3 que no representan un impacto determinante y est\u00e1n siendo investigadas por las autoridades correspondientes.&nbsp;<\/p>\n\n\n\n<p>Respecto a los se\u00f1alamientos de las representaciones de partidos pol\u00edticos contra el organismo electoral, la consejera presidente invit\u00f3 a los partidos pol\u00edticos a canalizarlos a trav\u00e9s de las v\u00edas institucionales y legales correspondientes, y advirti\u00f3 que las descalificaciones y narrativas tendenciosas perjudican a la democracia oaxaque\u00f1a.<\/p>\n\n\n\n<p>\u201cAunque respondan a interpretaciones err\u00f3neas y no existan pruebas que las contengan, siembran desconfianza hacia el \u00f3rgano electoral, y principalmente, perjudican a la ciudadan\u00eda\u201d, se\u00f1al\u00f3.&nbsp;<\/p>\n\n\n\n<p>De igual manera, declar\u00f3 que, es la primera vez que el IEEPCO, desde su creaci\u00f3n, asume directamente la planeaci\u00f3n, instalaci\u00f3n e integraci\u00f3n de casillas, lo que representa un hecho hist\u00f3rico en la entidad.<\/p>\n\n\n\n<p>Finalmente, destac\u00f3 que los Organismos P\u00fablicos Locales Electorales son necesarios e indispensables para la vida democr\u00e1tica de las entidades federativas.<\/p>\n\n\n\n<p>El 25 de enero de 2026, se efectu\u00f3 en Oaxaca la jornada de revocaci\u00f3n de mandato del titular de la Gubernatura del Estado de Oaxaca, para el periodo constitucional 2022\u20132028.<\/p>\n\n\n\n<p>Para este mecanismo, se instalaron 2 mil 815 casillas, y en cuanto a la participaci\u00f3n de la ciudadan\u00eda, \u00fanicamente lo hizo el 29.90%, lo que representa un abstencionismo del casi 70% de la poblaci\u00f3n que integra la Lista Nominal.&nbsp;<\/p>\n\n\n\n<p>El total de votos fue de 935 mil 500, de los cuales, 357 mil 025 fueron a favor de la revocaci\u00f3n de mandato del Gobernador por p\u00e9rdida de confianza; mientras que, 550 mil 274 fueron en favor de que contin\u00fae en su cargo.&nbsp;<\/p>\n\n\n\n<p>Entre los distritos electorales donde los ciudadanos votaron a favor de que se le revocara el cargo al Gobernador por p\u00e9rdida de confianza, est\u00e1n los que tienen sus cabeceras en Oaxaca de Ju\u00e1rez, Santa Luc\u00eda del Camino, Etla, Xoxocotl\u00e1n, Ixtl\u00e1n de Ju\u00e1rez y Tehuantepec.<\/p>\n","protected":false},"excerpt":{"rendered":"<p>Lizbeth Flores Barrera&nbsp; Oaxaca, Oax., 29 de enero de 2026.- Elizabeth S\u00e1nchez Gonz\u00e1lez, titular del Instituto Estatal Electoral y de Participaci\u00f3n Ciudadana de Oaxaca (IEEPCO), destac\u00f3 el cumplimiento de la ley y la Constituci\u00f3n en la jornada de revocaci\u00f3n de mandato del Gobernador.&nbsp; \u201cActuamos en el marco de un respeto irrestricto al principio de legalidad,&#8230;<\/p>\n","protected":false},"author":4,"featured_media":18613,"comment_status":"closed","ping_status":"closed","sticky":false,"template":"","format":"standard","meta":{"footnotes":""},"categories":[49],"tags":[],"class_list":["post-18612","post","type-post","status-publish","format-standard","has-post-thumbnail","hentry","category-titulares"],"_links":{"self":[{"href":"https:\/\/fdnoaxaca.net\/index.php\/wp-json\/wp\/v2\/posts\/18612","targetHints":{"allow":["GET"]}}],"collection":[{"href":"https:\/\/fdnoaxaca.net\/index.php\/wp-json\/wp\/v2\/posts"}],"about":[{"href":"https:\/\/fdnoaxaca.net\/index.php\/wp-json\/wp\/v2\/types\/post"}],"author":[{"embeddable":true,"href":"https:\/\/fdnoaxaca.net\/index.php\/wp-json\/wp\/v2\/users\/4"}],"replies":[{"embeddable":true,"href":"https:\/\/fdnoaxaca.net\/index.php\/wp-json\/wp\/v2\/comments?post=18612"}],"version-history":[{"count":1,"href":"https:\/\/fdnoaxaca.net\/index.php\/wp-json\/wp\/v2\/posts\/18612\/revisions"}],"predecessor-version":[{"id":18614,"href":"https:\/\/fdnoaxaca.net\/index.php\/wp-json\/wp\/v2\/posts\/18612\/revisions\/18614"}],"wp:featuredmedia":[{"embeddable":true,"href":"https:\/\/fdnoaxaca.net\/index.php\/wp-json\/wp\/v2\/media\/18613"}],"wp:attachment":[{"href":"https:\/\/fdnoaxaca.net\/index.php\/wp-json\/wp\/v2\/media?parent=18612"}],"wp:term":[{"taxonomy":"category","embeddable":true,"href":"https:\/\/fdnoaxaca.net\/index.php\/wp-json\/wp\/v2\/categories?post=18612"},{"taxonomy":"post_tag","embeddable":true,"href":"https:\/\/fdnoaxaca.net\/index.php\/wp-json\/wp\/v2\/tags?post=18612"}],"curies":[{"name":"wp","href":"https:\/\/api.w.org\/{rel}","templated":true}]}}