{"id":18626,"date":"2026-01-29T16:16:31","date_gmt":"2026-01-29T21:16:31","guid":{"rendered":"https:\/\/fdnoaxaca.net\/?p=18626"},"modified":"2026-01-29T16:16:32","modified_gmt":"2026-01-29T21:16:32","slug":"ordena-tepjf-que-integracion-de-concejalias-del-ayuntamiento-de-el-tule-cumpla-principio-de-paridad","status":"publish","type":"post","link":"https:\/\/fdnoaxaca.net\/index.php\/2026\/01\/29\/ordena-tepjf-que-integracion-de-concejalias-del-ayuntamiento-de-el-tule-cumpla-principio-de-paridad\/","title":{"rendered":"Ordena TEPJF que integraci\u00f3n de concejal\u00edas del ayuntamiento de El Tule cumpla principio de paridad\u00a0"},"content":{"rendered":"\n<p>Ciudad de M\u00e9xico, Mx., 29 de enero de 2026.- La Sala Superior del Tribunal Electoral del Poder Judicial de la Federaci\u00f3n (TEPJF) revoc\u00f3, por unanimidad de votos, la sentencia que valid\u00f3 la elecci\u00f3n ordinaria de concejal\u00edas al ayuntamiento de Santa Mar\u00eda del Tule, Oaxaca.<\/p>\n\n\n\n<p>En consecuencia, orden\u00f3 la celebraci\u00f3n de una asamblea general comunitaria a efecto de que la integraci\u00f3n de ese \u00f3rgano de gobierno para el periodo 2026-2028 cumpla con el principio de paridad de g\u00e9nero en los cargos de personas propietarias.<\/p>\n\n\n\n<p>En octubre de 2025 se eligieron dichas concejal\u00edas mediante un sistema normativo ind\u00edgena, pero fue invalidado en diciembre siguiente por el Instituto Estatal Electoral y de Participaci\u00f3n Ciudadana de Oaxaca (IEEPCO).&nbsp;<\/p>\n\n\n\n<p>Esa decisi\u00f3n fue revocada, es decir, el Tribunal Electoral del Estado (TEEO) valid\u00f3 la elecci\u00f3n al considerar que no se vulner\u00f3 el principio de paridad de g\u00e9nero. En enero de 2026, la Sala Regional Xalapa del TEPJF confirm\u00f3 la determinaci\u00f3n del TEEO, pero fue controvertida ante la Sala Superior mediante un recurso de reconsideraci\u00f3n.<\/p>\n\n\n\n<p>En sesi\u00f3n p\u00fablica y a propuesta del magistrado Felipe Fuentes Barrera, la Sala Superior determin\u00f3 que la elecci\u00f3n de seis hombres y tres mujeres de los nueve cargos propietarios afect\u00f3 el principio de paridad de g\u00e9nero y de igualdad sustantiva en la integraci\u00f3n del ayuntamiento, al reducirlo a una apariencia formal de inclusi\u00f3n sin garantizar una participaci\u00f3n efectiva en los espacios de toma de decisiones fundamentales para la vida p\u00fablica.<\/p>\n\n\n\n<p>As\u00ed, la Sala Superior orden\u00f3, entre otros actos, la celebraci\u00f3n de una asamblea general comunitaria en la que se designe como m\u00ednimo a una de las mujeres suplentes como concejal propietaria, en cualquiera de las tres regidur\u00edas en donde los hombres son propietarios y las mujeres suplentes.<\/p>\n\n\n\n<p>Por lo anterior y en atenci\u00f3n al principio de maximizaci\u00f3n de la autonom\u00eda ind\u00edgena y m\u00ednima intervenci\u00f3n, la Sala Superior revoc\u00f3 la sentencia de la Sala Regional Xalapa y orden\u00f3 la celebraci\u00f3n de una asamblea general comunitaria para dar cumplimiento al principio de paridad de g\u00e9nero (SUP-REC-5\/2026).<\/p>\n","protected":false},"excerpt":{"rendered":"<p>Ciudad de M\u00e9xico, Mx., 29 de enero de 2026.- La Sala Superior del Tribunal Electoral del Poder Judicial de la Federaci\u00f3n (TEPJF) revoc\u00f3, por unanimidad de votos, la sentencia que valid\u00f3 la elecci\u00f3n ordinaria de concejal\u00edas al ayuntamiento de Santa Mar\u00eda del Tule, Oaxaca. En consecuencia, orden\u00f3 la celebraci\u00f3n de una asamblea general comunitaria a&#8230;<\/p>\n","protected":false},"author":4,"featured_media":18627,"comment_status":"closed","ping_status":"closed","sticky":false,"template":"","format":"standard","meta":{"footnotes":""},"categories":[4],"tags":[],"class_list":["post-18626","post","type-post","status-publish","format-standard","has-post-thumbnail","hentry","category-general"],"_links":{"self":[{"href":"https:\/\/fdnoaxaca.net\/index.php\/wp-json\/wp\/v2\/posts\/18626","targetHints":{"allow":["GET"]}}],"collection":[{"href":"https:\/\/fdnoaxaca.net\/index.php\/wp-json\/wp\/v2\/posts"}],"about":[{"href":"https:\/\/fdnoaxaca.net\/index.php\/wp-json\/wp\/v2\/types\/post"}],"author":[{"embeddable":true,"href":"https:\/\/fdnoaxaca.net\/index.php\/wp-json\/wp\/v2\/users\/4"}],"replies":[{"embeddable":true,"href":"https:\/\/fdnoaxaca.net\/index.php\/wp-json\/wp\/v2\/comments?post=18626"}],"version-history":[{"count":1,"href":"https:\/\/fdnoaxaca.net\/index.php\/wp-json\/wp\/v2\/posts\/18626\/revisions"}],"predecessor-version":[{"id":18628,"href":"https:\/\/fdnoaxaca.net\/index.php\/wp-json\/wp\/v2\/posts\/18626\/revisions\/18628"}],"wp:featuredmedia":[{"embeddable":true,"href":"https:\/\/fdnoaxaca.net\/index.php\/wp-json\/wp\/v2\/media\/18627"}],"wp:attachment":[{"href":"https:\/\/fdnoaxaca.net\/index.php\/wp-json\/wp\/v2\/media?parent=18626"}],"wp:term":[{"taxonomy":"category","embeddable":true,"href":"https:\/\/fdnoaxaca.net\/index.php\/wp-json\/wp\/v2\/categories?post=18626"},{"taxonomy":"post_tag","embeddable":true,"href":"https:\/\/fdnoaxaca.net\/index.php\/wp-json\/wp\/v2\/tags?post=18626"}],"curies":[{"name":"wp","href":"https:\/\/api.w.org\/{rel}","templated":true}]}}