{"id":18629,"date":"2026-01-29T21:58:39","date_gmt":"2026-01-30T02:58:39","guid":{"rendered":"https:\/\/fdnoaxaca.net\/?p=18629"},"modified":"2026-01-29T21:58:41","modified_gmt":"2026-01-30T02:58:41","slug":"reporta-titular-de-la-sep-que-el-nivel-medio-superior-de-oaxaca-alcanzo-una-cobertura-del-65-3","status":"publish","type":"post","link":"https:\/\/fdnoaxaca.net\/index.php\/2026\/01\/29\/reporta-titular-de-la-sep-que-el-nivel-medio-superior-de-oaxaca-alcanzo-una-cobertura-del-65-3\/","title":{"rendered":"Reporta titular de la SEP que el nivel medio superior de Oaxaca alcanz\u00f3 una cobertura del 65.3%"},"content":{"rendered":"\n<p>* La Comisi\u00f3n Permanente de Educaci\u00f3n, Ciencia, Tecnolog\u00eda e Innovaci\u00f3n de la 66 Legislatura presidi\u00f3 la comparecencia.<\/p>\n\n\n\n<p>San Raymundo Jalpan, Oax., 29 de enero de 2026.- Con el objetivo de analizar los avances, identificar \u00e1reas de oportunidad y fortalecer la toma de decisiones en materia de educaci\u00f3n media superior y superior, la Comisi\u00f3n Permanente de Educaci\u00f3n, Ciencia, Tecnolog\u00eda e Innovaci\u00f3n de la 66 Legislatura presidi\u00f3 la comparecencia de la titular de la Secretar\u00eda de Educaci\u00f3n P\u00fablica (SEP) Oaxaca, Delfina Elizabeth Guzm\u00e1n D\u00edaz.<\/p>\n\n\n\n<p>Durante este acto, realizado con motivo de la Glosa del Tercer Informe de Gobierno de Salom\u00f3n Jara Cruz, la funcionaria expuso que el nivel medio superior de Oaxaca alcanz\u00f3 una cobertura del 65.3 por ciento.<\/p>\n\n\n\n<p>Mientras que en educaci\u00f3n superior se registr\u00f3 un 18.2 por ciento, incluyendo posgrado. Asimismo, inform\u00f3 que la tasa de absorci\u00f3n del bachillerato al nivel superior fue del 65.1 por ciento.<\/p>\n\n\n\n<p>Para combatir la exclusi\u00f3n econ\u00f3mica, dijo que el programa &#8220;Inscripci\u00f3n Cero&#8221; benefici\u00f3 a un total de 81 mil 521 estudiantes de nivel medio superior y 12 mil 899 de nivel superior, eliminando cuotas de inscripci\u00f3n y facilitando materiales did\u00e1cticos gratuitos.<\/p>\n\n\n\n<p>En materia de infraestructura report\u00f3 una inversi\u00f3n de 159 millones 822 mil 275 pesos a trav\u00e9s del Fondo de Aportaciones M\u00faltiples.<\/p>\n\n\n\n<p>Por su parte, la diputada Mar\u00eda Francisca Antonio Santiago, presidente del \u00f3rgano legislativo, reconoci\u00f3 acciones como la eliminaci\u00f3n de cuotas de inscripci\u00f3n en algunos subsistemas de bachillerato, el fortalecimiento del sistema de becas para estudiantes de bajos recursos, as\u00ed como la mejora de la infraestructura y el equipamiento escolar.<\/p>\n\n\n\n<p>La legisladora Dulce Alejandra Garc\u00eda Morl\u00e1n, de Movimiento Ciudadano (MC), reconoci\u00f3 los avances reportados en la reducci\u00f3n del abandono escolar y se\u00f1al\u00f3 que a\u00fan quedan retos estructurales por superar, por ello, subray\u00f3 la importancia de fortalecer acciones en materia de salud, activaci\u00f3n f\u00edsica, infraestructura educativa, conectividad e inclusi\u00f3n.<\/p>\n\n\n\n<p>En este sentido, el diputado Javier Casique Z\u00e1rate, del Partido Revolucionario Institucional (PRI), llam\u00f3 a atender de manera prioritaria la cobertura en educaci\u00f3n superior, con el objetivo de reducir las desigualdades territoriales y garantizar que el origen social o geogr\u00e1fico no limite las oportunidades educativas de la juventud.<\/p>\n\n\n\n<p>El diputado Mauro Cruz S\u00e1nchez, del Grupo Parlamentario Plural, resalt\u00f3 los avances expuestos en materia de educaci\u00f3n media superior y superior, particularmente la inversi\u00f3n realizada en infraestructura y equipamiento tecnol\u00f3gico en los planteles educativos de la entidad.<\/p>\n\n\n\n<p>Por su parte, el diputado Isa\u00edas Carranza Secundino, del Grupo Parlamentario de Fuerza por Oaxaca, expres\u00f3 que la educaci\u00f3n es un eje fundamental para el desarrollo del estado y un derecho que debe garantizarse a todos, y que la actual pol\u00edtica educativa impulsa la incorporaci\u00f3n de nuevas tecnolog\u00edas, como la inteligencia artificial.<\/p>\n\n\n\n<p>La integrante de la citada Comisi\u00f3n, Tania L\u00f3pez L\u00f3pez, manifest\u00f3 que la educaci\u00f3n es un derecho humano que debe asegurarse en condiciones de equidad y destac\u00f3 los esfuerzos del Gobierno del Estado y de la SEP.<\/p>\n\n\n\n<p>Asimismo, el diputado Isaac L\u00f3pez L\u00f3pez, tambi\u00e9n integrante de dicho \u00f3rgano legislativo, sostuvo que el objetivo central de la pol\u00edtica educativa en Oaxaca es fortalecer el desarrollo integral de las personas, con pleno respeto a los valores c\u00edvicos, \u00e9ticos y a los derechos humanos, principios que deben regir de manera permanente la acci\u00f3n institucional en esta materia.<\/p>\n\n\n\n<p>La integrante del Grupo Parlamentario del Partido Verde Ecologista de M\u00e9xico (PVEM), Elvia Gabriela P\u00e9rez L\u00f3pez, destac\u00f3 los avances registrados en la educaci\u00f3n media superior y superior, y subray\u00f3 la importancia de promover modelos educativos exitosos a nivel internacional, como la educaci\u00f3n dual, que permita a la juventud complementar su formaci\u00f3n acad\u00e9mica con la experiencia laboral.&nbsp;<\/p>\n","protected":false},"excerpt":{"rendered":"<p>* La Comisi\u00f3n Permanente de Educaci\u00f3n, Ciencia, Tecnolog\u00eda e Innovaci\u00f3n de la 66 Legislatura presidi\u00f3 la comparecencia. San Raymundo Jalpan, Oax., 29 de enero de 2026.- Con el objetivo de analizar los avances, identificar \u00e1reas de oportunidad y fortalecer la toma de decisiones en materia de educaci\u00f3n media superior y superior, la Comisi\u00f3n Permanente de&#8230;<\/p>\n","protected":false},"author":4,"featured_media":18630,"comment_status":"closed","ping_status":"closed","sticky":false,"template":"","format":"standard","meta":{"footnotes":""},"categories":[4],"tags":[],"class_list":["post-18629","post","type-post","status-publish","format-standard","has-post-thumbnail","hentry","category-general"],"_links":{"self":[{"href":"https:\/\/fdnoaxaca.net\/index.php\/wp-json\/wp\/v2\/posts\/18629","targetHints":{"allow":["GET"]}}],"collection":[{"href":"https:\/\/fdnoaxaca.net\/index.php\/wp-json\/wp\/v2\/posts"}],"about":[{"href":"https:\/\/fdnoaxaca.net\/index.php\/wp-json\/wp\/v2\/types\/post"}],"author":[{"embeddable":true,"href":"https:\/\/fdnoaxaca.net\/index.php\/wp-json\/wp\/v2\/users\/4"}],"replies":[{"embeddable":true,"href":"https:\/\/fdnoaxaca.net\/index.php\/wp-json\/wp\/v2\/comments?post=18629"}],"version-history":[{"count":1,"href":"https:\/\/fdnoaxaca.net\/index.php\/wp-json\/wp\/v2\/posts\/18629\/revisions"}],"predecessor-version":[{"id":18631,"href":"https:\/\/fdnoaxaca.net\/index.php\/wp-json\/wp\/v2\/posts\/18629\/revisions\/18631"}],"wp:featuredmedia":[{"embeddable":true,"href":"https:\/\/fdnoaxaca.net\/index.php\/wp-json\/wp\/v2\/media\/18630"}],"wp:attachment":[{"href":"https:\/\/fdnoaxaca.net\/index.php\/wp-json\/wp\/v2\/media?parent=18629"}],"wp:term":[{"taxonomy":"category","embeddable":true,"href":"https:\/\/fdnoaxaca.net\/index.php\/wp-json\/wp\/v2\/categories?post=18629"},{"taxonomy":"post_tag","embeddable":true,"href":"https:\/\/fdnoaxaca.net\/index.php\/wp-json\/wp\/v2\/tags?post=18629"}],"curies":[{"name":"wp","href":"https:\/\/api.w.org\/{rel}","templated":true}]}}