{"id":18686,"date":"2026-02-05T10:38:43","date_gmt":"2026-02-05T15:38:43","guid":{"rendered":"https:\/\/fdnoaxaca.net\/?p=18686"},"modified":"2026-02-05T10:38:45","modified_gmt":"2026-02-05T15:38:45","slug":"se-mantendra-ambiente-frio-lluvias-y-fuertes-vientos-en-oaxaca","status":"publish","type":"post","link":"https:\/\/fdnoaxaca.net\/index.php\/2026\/02\/05\/se-mantendra-ambiente-frio-lluvias-y-fuertes-vientos-en-oaxaca\/","title":{"rendered":"Se mantendr\u00e1 ambiente fr\u00edo, lluvias y fuertes vientos en Oaxaca"},"content":{"rendered":"\n<ul class=\"wp-block-list\">\n<li>Las temperaturas descender\u00e1n en gran parte del estado debido a la masa de aire fr\u00edo que impulsa al sistema.<\/li>\n<\/ul>\n\n\n\n<p>Oaxaca de Ju\u00e1rez, Oax., 5 de febrero de 2026.- La Coordinaci\u00f3n Estatal de Protecci\u00f3n Civil y Gesti\u00f3n de Riesgos (CEPCyGR) informa que, durante las pr\u00f3ximas 48 horas, el estado estar\u00e1 influenciado por el paso del frente fr\u00edo n\u00famero 33, el cual favorecer\u00e1 precipitaciones m\u00e1s significativas en la Cuenca del Papaloapan y el norte del Istmo, as\u00ed como lloviznas en la Sierra de Ju\u00e1rez y la Sierra Mazateca.<\/p>\n\n\n\n<p>La cola del sistema frontal incrementar\u00e1 la nubosidad, adem\u00e1s de generar \u00e1reas de niebla y bruma durante su desplazamiento.<\/p>\n\n\n\n<p>De acuerdo con el pron\u00f3stico del tiempo emitido por la Comisi\u00f3n Nacional del Agua (Conagua), las temperaturas descender\u00e1n en gran parte del estado debido a la masa de aire fr\u00edo que impulsa al sistema, con mayor \u00e9nfasis en la Mixteca, Sierra de Ju\u00e1rez, Sierra Sur, Sierra de Flores Mag\u00f3n y Valles Centrales, donde podr\u00edan presentarse heladas d\u00e9biles en zonas de mayor elevaci\u00f3n.<\/p>\n\n\n\n<p>En el oriente del Istmo el viento del norte se intensificar\u00e1 gradualmente conforme avance el d\u00eda, alcanzando rachas de 90 a 110 kil\u00f3metros por hora, o superiores, en el tramo La Venta\u2013La Ventosa, adem\u00e1s se prev\u00e9 oleaje elevado de 4 a 5 metros en aguas del Golfo de Tehuantepec.<\/p>\n\n\n\n<p>Asimismo, se prev\u00e9 ambiente ventoso en zonas planas, con posibles tolvaneras durante la tarde.<\/p>\n","protected":false},"excerpt":{"rendered":"<p>Oaxaca de Ju\u00e1rez, Oax., 5 de febrero de 2026.- La Coordinaci\u00f3n Estatal de Protecci\u00f3n Civil y Gesti\u00f3n de Riesgos (CEPCyGR) informa que, durante las pr\u00f3ximas 48 horas, el estado estar\u00e1 influenciado por el paso del frente fr\u00edo n\u00famero 33, el cual favorecer\u00e1 precipitaciones m\u00e1s significativas en la Cuenca del Papaloapan y el norte del Istmo,&#8230;<\/p>\n","protected":false},"author":4,"featured_media":18687,"comment_status":"closed","ping_status":"closed","sticky":false,"template":"","format":"standard","meta":{"footnotes":""},"categories":[4],"tags":[],"class_list":["post-18686","post","type-post","status-publish","format-standard","has-post-thumbnail","hentry","category-general"],"_links":{"self":[{"href":"https:\/\/fdnoaxaca.net\/index.php\/wp-json\/wp\/v2\/posts\/18686","targetHints":{"allow":["GET"]}}],"collection":[{"href":"https:\/\/fdnoaxaca.net\/index.php\/wp-json\/wp\/v2\/posts"}],"about":[{"href":"https:\/\/fdnoaxaca.net\/index.php\/wp-json\/wp\/v2\/types\/post"}],"author":[{"embeddable":true,"href":"https:\/\/fdnoaxaca.net\/index.php\/wp-json\/wp\/v2\/users\/4"}],"replies":[{"embeddable":true,"href":"https:\/\/fdnoaxaca.net\/index.php\/wp-json\/wp\/v2\/comments?post=18686"}],"version-history":[{"count":1,"href":"https:\/\/fdnoaxaca.net\/index.php\/wp-json\/wp\/v2\/posts\/18686\/revisions"}],"predecessor-version":[{"id":18688,"href":"https:\/\/fdnoaxaca.net\/index.php\/wp-json\/wp\/v2\/posts\/18686\/revisions\/18688"}],"wp:featuredmedia":[{"embeddable":true,"href":"https:\/\/fdnoaxaca.net\/index.php\/wp-json\/wp\/v2\/media\/18687"}],"wp:attachment":[{"href":"https:\/\/fdnoaxaca.net\/index.php\/wp-json\/wp\/v2\/media?parent=18686"}],"wp:term":[{"taxonomy":"category","embeddable":true,"href":"https:\/\/fdnoaxaca.net\/index.php\/wp-json\/wp\/v2\/categories?post=18686"},{"taxonomy":"post_tag","embeddable":true,"href":"https:\/\/fdnoaxaca.net\/index.php\/wp-json\/wp\/v2\/tags?post=18686"}],"curies":[{"name":"wp","href":"https:\/\/api.w.org\/{rel}","templated":true}]}}