{"id":18689,"date":"2026-02-05T13:48:15","date_gmt":"2026-02-05T18:48:15","guid":{"rendered":"https:\/\/fdnoaxaca.net\/?p=18689"},"modified":"2026-02-05T13:48:17","modified_gmt":"2026-02-05T18:48:17","slug":"declara-ieepco-que-nombramiento-de-autoridades-comunitarias-de-santiago-yaveo-tiene-reconocimiento-y-validez-juridica","status":"publish","type":"post","link":"https:\/\/fdnoaxaca.net\/index.php\/2026\/02\/05\/declara-ieepco-que-nombramiento-de-autoridades-comunitarias-de-santiago-yaveo-tiene-reconocimiento-y-validez-juridica\/","title":{"rendered":"Declara IEEPCO que nombramiento de autoridades comunitarias de Santiago Yaveo tiene reconocimiento y validez jur\u00eddica"},"content":{"rendered":"\n<p>Oaxaca, Oax., 5 de febrero de 2026.- En sesi\u00f3n extraordinaria urgente celebrada el mi\u00e9rcoles, el Consejo General del Instituto Estatal Electoral y de Participaci\u00f3n Ciudadana de Oaxaca (IEEPCO) declar\u00f3 que la decisi\u00f3n tomada por la cabecera municipal de Santiago Yaveo, mediante asamblea general comunitaria, tiene reconocimiento y validez jur\u00eddica \u00fanicamente en dicha comunidad que electoralmente se rige por Sistemas Normativos Ind\u00edgenas.<\/p>\n\n\n\n<p>Lo anterior derivado del ejercicio de su libre determinaci\u00f3n y autonom\u00eda reconocido en el derecho nacional e internacional. En ese contexto la Asamblea General Comunitaria, celebrada el 9 de noviembre de 2025 determin\u00f3 que las personas que ocuparan la Presidencia Comunitaria lo har\u00e1n por tres a\u00f1os, divididos en dos periodos de un a\u00f1o y medio cada uno.<\/p>\n\n\n\n<p>De acuerdo con dicha determinaci\u00f3n, la persona electa para el primer periodo se desempe\u00f1ar\u00e1 del 1 de enero de 2026 al 30 de junio de 2027; para el caso del segundo periodo la persona electa fungir\u00e1 como propietario del 1 de julio de 2027 al 31 de diciembre de 2028.<\/p>\n\n\n\n<p>En la sesi\u00f3n virtual participaron la consejera presidente del IEEPCO, Elizabeth S\u00e1nchez Gonz\u00e1lez; las consejeras electorales Jessica Jazibe Hern\u00e1ndez Garc\u00eda, Zaira Alhel\u00ed Hip\u00f3lito L\u00f3pez, Ana Mar\u00eda M\u00e1rquez Andr\u00e9s y Gabriela Fernanda Espinoza Blancas.<\/p>\n\n\n\n<p>As\u00ed como de los consejeros electorales Alejandro Carrasco Sampedro y Manuel Cort\u00e9s Muriedas. Asimismo, estuvo presente el secretario ejecutivo, Graciano Alejandro Prats Rojas, adem\u00e1s de las representaciones de los partidos pol\u00edticos.<\/p>\n","protected":false},"excerpt":{"rendered":"<p>Oaxaca, Oax., 5 de febrero de 2026.- En sesi\u00f3n extraordinaria urgente celebrada el mi\u00e9rcoles, el Consejo General del Instituto Estatal Electoral y de Participaci\u00f3n Ciudadana de Oaxaca (IEEPCO) declar\u00f3 que la decisi\u00f3n tomada por la cabecera municipal de Santiago Yaveo, mediante asamblea general comunitaria, tiene reconocimiento y validez jur\u00eddica \u00fanicamente en dicha comunidad que electoralmente&#8230;<\/p>\n","protected":false},"author":4,"featured_media":18690,"comment_status":"closed","ping_status":"closed","sticky":false,"template":"","format":"standard","meta":{"footnotes":""},"categories":[4],"tags":[],"class_list":["post-18689","post","type-post","status-publish","format-standard","has-post-thumbnail","hentry","category-general"],"_links":{"self":[{"href":"https:\/\/fdnoaxaca.net\/index.php\/wp-json\/wp\/v2\/posts\/18689","targetHints":{"allow":["GET"]}}],"collection":[{"href":"https:\/\/fdnoaxaca.net\/index.php\/wp-json\/wp\/v2\/posts"}],"about":[{"href":"https:\/\/fdnoaxaca.net\/index.php\/wp-json\/wp\/v2\/types\/post"}],"author":[{"embeddable":true,"href":"https:\/\/fdnoaxaca.net\/index.php\/wp-json\/wp\/v2\/users\/4"}],"replies":[{"embeddable":true,"href":"https:\/\/fdnoaxaca.net\/index.php\/wp-json\/wp\/v2\/comments?post=18689"}],"version-history":[{"count":1,"href":"https:\/\/fdnoaxaca.net\/index.php\/wp-json\/wp\/v2\/posts\/18689\/revisions"}],"predecessor-version":[{"id":18691,"href":"https:\/\/fdnoaxaca.net\/index.php\/wp-json\/wp\/v2\/posts\/18689\/revisions\/18691"}],"wp:featuredmedia":[{"embeddable":true,"href":"https:\/\/fdnoaxaca.net\/index.php\/wp-json\/wp\/v2\/media\/18690"}],"wp:attachment":[{"href":"https:\/\/fdnoaxaca.net\/index.php\/wp-json\/wp\/v2\/media?parent=18689"}],"wp:term":[{"taxonomy":"category","embeddable":true,"href":"https:\/\/fdnoaxaca.net\/index.php\/wp-json\/wp\/v2\/categories?post=18689"},{"taxonomy":"post_tag","embeddable":true,"href":"https:\/\/fdnoaxaca.net\/index.php\/wp-json\/wp\/v2\/tags?post=18689"}],"curies":[{"name":"wp","href":"https:\/\/api.w.org\/{rel}","templated":true}]}}