{"id":1886,"date":"2019-10-18T18:15:52","date_gmt":"2019-10-18T18:15:52","guid":{"rendered":"http:\/\/fdnoaxaca.net\/?p=1886"},"modified":"2019-10-18T18:15:55","modified_gmt":"2019-10-18T18:15:55","slug":"no-puede-valer-mas-la-captura-de-un-delincuente-que-la-vida-de-las-personas-obrador","status":"publish","type":"post","link":"https:\/\/fdnoaxaca.net\/index.php\/2019\/10\/18\/no-puede-valer-mas-la-captura-de-un-delincuente-que-la-vida-de-las-personas-obrador\/","title":{"rendered":"&#8220;No puede valer m\u00e1s la captura de un delincuente que la vida de las personas&#8221;: Obrador"},"content":{"rendered":"\n<p>Oaxaca de Ju\u00e1rez, Oax. 18 de octubre de 2019.- Desde Oaxaca, el presidente de M\u00e9xico, Andr\u00e9s Manuel L\u00f3pez Obrador, respald\u00f3 la liberaci\u00f3n de Ovidio Guzm\u00e1n, hijo del narcotraficante Joaqu\u00edn Guzm\u00e1n Loera, quien fue detenido durante unos minutos el jueves pero puesto en libertad tras los hechos violentos en Sinaloa. <\/p>\n\n\n\n<p>En su conferencia matutina, argument\u00f3, esta decisi\u00f3n fue para proteger la vida de la ciudadan\u00eda que estaba en riesgo por la violencia que se gener\u00f3 por la captura del presunto delincuente.<\/p>\n\n\n\n<p>&#8220;No puede valer m\u00e1s la captura de un delincuente que la vida de las personas&#8230;ellos tomaron esa decisi\u00f3n y yo la respald\u00e9&#8221;, dijo el presidente este viernes en la conferencia que en esta ocasi\u00f3n se realiz\u00f3 en la Base Militar n\u00famero 15, en San Juan Bautista La Raya, Oaxaca. <\/p>\n\n\n\n<p>Consider\u00f3 que no se puede&#8221; apagar el fuego con el fuego porque la estrategia de este gobierno es proteger la vida y es contraria a la que aplicaron los anteriores gobiernos que convirtieron al pa\u00eds en un cementerio&#8221;.<\/p>\n\n\n\n<p>Este viernes, el presidente L\u00f3pez Obrador comenz\u00f3 una gira de tres d\u00edas en Oaxaca para concluir el recorrido de 80 hospitales rurales del Instituto Mexicano del Seguro Social, sostener encuentros con comunidades ind\u00edgenas, adem\u00e1s de otorgar recursos econ\u00f3micos a escuelas donde por primera vez se dar\u00e1 directamente a los comit\u00e9s de padres de familia bajo el programa &#8220;La escuela es nuestra&#8221;.<br>\n<\/p>\n","protected":false},"excerpt":{"rendered":"<p>Oaxaca de Ju\u00e1rez, Oax. 18 de octubre de 2019.- Desde Oaxaca, el presidente de M\u00e9xico, Andr\u00e9s Manuel L\u00f3pez Obrador, respald\u00f3 la liberaci\u00f3n de Ovidio Guzm\u00e1n, hijo del narcotraficante Joaqu\u00edn Guzm\u00e1n Loera, quien fue detenido durante unos minutos el jueves pero puesto en libertad tras los hechos violentos en Sinaloa. En su conferencia matutina, argument\u00f3, esta&#8230;<\/p>\n","protected":false},"author":4,"featured_media":1888,"comment_status":"closed","ping_status":"closed","sticky":false,"template":"","format":"standard","meta":{"footnotes":""},"categories":[49],"tags":[],"class_list":["post-1886","post","type-post","status-publish","format-standard","has-post-thumbnail","hentry","category-titulares"],"_links":{"self":[{"href":"https:\/\/fdnoaxaca.net\/index.php\/wp-json\/wp\/v2\/posts\/1886","targetHints":{"allow":["GET"]}}],"collection":[{"href":"https:\/\/fdnoaxaca.net\/index.php\/wp-json\/wp\/v2\/posts"}],"about":[{"href":"https:\/\/fdnoaxaca.net\/index.php\/wp-json\/wp\/v2\/types\/post"}],"author":[{"embeddable":true,"href":"https:\/\/fdnoaxaca.net\/index.php\/wp-json\/wp\/v2\/users\/4"}],"replies":[{"embeddable":true,"href":"https:\/\/fdnoaxaca.net\/index.php\/wp-json\/wp\/v2\/comments?post=1886"}],"version-history":[{"count":1,"href":"https:\/\/fdnoaxaca.net\/index.php\/wp-json\/wp\/v2\/posts\/1886\/revisions"}],"predecessor-version":[{"id":1889,"href":"https:\/\/fdnoaxaca.net\/index.php\/wp-json\/wp\/v2\/posts\/1886\/revisions\/1889"}],"wp:featuredmedia":[{"embeddable":true,"href":"https:\/\/fdnoaxaca.net\/index.php\/wp-json\/wp\/v2\/media\/1888"}],"wp:attachment":[{"href":"https:\/\/fdnoaxaca.net\/index.php\/wp-json\/wp\/v2\/media?parent=1886"}],"wp:term":[{"taxonomy":"category","embeddable":true,"href":"https:\/\/fdnoaxaca.net\/index.php\/wp-json\/wp\/v2\/categories?post=1886"},{"taxonomy":"post_tag","embeddable":true,"href":"https:\/\/fdnoaxaca.net\/index.php\/wp-json\/wp\/v2\/tags?post=1886"}],"curies":[{"name":"wp","href":"https:\/\/api.w.org\/{rel}","templated":true}]}}