{"id":18991,"date":"2026-03-04T14:38:37","date_gmt":"2026-03-04T19:38:37","guid":{"rendered":"https:\/\/fdnoaxaca.net\/?p=18991"},"modified":"2026-03-04T14:38:39","modified_gmt":"2026-03-04T19:38:39","slug":"detienen-a-dos-personas-por-narcomenudeo-afuera-de-una-escuela-en-oaxaca","status":"publish","type":"post","link":"https:\/\/fdnoaxaca.net\/index.php\/2026\/03\/04\/detienen-a-dos-personas-por-narcomenudeo-afuera-de-una-escuela-en-oaxaca\/","title":{"rendered":"Detienen a dos personas por narcomenudeo afuera de una escuela en Oaxaca"},"content":{"rendered":"\n<p>Oaxaca de Ju\u00e1rez, Oax., 4 de marzo de 2026.- La Fiscal\u00eda General del Estado de Oaxaca, junto con las instituciones que forman parte del Gabinete de Seguridad, detuvieron a dos personas por narcomenudeo cometido afuera de una escuela en Santiago Jamiltepec, en la regi\u00f3n de la Costa.<\/p>\n\n\n\n<p>La instituci\u00f3n de procuraci\u00f3n de justicia inform\u00f3 que uno de los detenidos, identificado por las iniciales M.R.R.C., es considerado objetivo prioritario de la Costa, pues los trabajos de inteligencia criminal lo vinculan con actividades ilegales ligadas a la c\u00e9lula delictiva de \u201cLos Rusos\u201d.<\/p>\n\n\n\n<p>El operativo encabezado por la Fiscal\u00eda de Oaxaca, a trav\u00e9s de la Agencia Estatal de Investigaciones (AEI), junto con la Secretar\u00eda de Marina (SEMAR), Secretar\u00eda de la Defensa Nacional (DEFENSA), Guardia Nacional y la Polic\u00eda Estatal, se realiz\u00f3 en calles del municipio de Jamiltepec.<\/p>\n\n\n\n<p>A los detenidos tambi\u00e9n les aseguraron dosis de las drogas conocidas como cristal y mariguana.<\/p>\n\n\n\n<p>Los detenidos quedaron a disposici\u00f3n del Ministerio P\u00fablico que reuni\u00f3 las pruebas suficientes para que el Juez de la causa dictara vinculaci\u00f3n a proceso en contra de los dos imputados por el delito de narcomenudeo.<\/p>\n\n\n\n<p>En tanto, los trabajos de inteligencia criminal revelaron que M.R.R., es considerado objetivo prioritario por ser un generador de violencia en la regi\u00f3n de la Costa, en la zona lim\u00edtrofe de Oaxaca con Guerrero.<\/p>\n","protected":false},"excerpt":{"rendered":"<p>Oaxaca de Ju\u00e1rez, Oax., 4 de marzo de 2026.- La Fiscal\u00eda General del Estado de Oaxaca, junto con las instituciones que forman parte del Gabinete de Seguridad, detuvieron a dos personas por narcomenudeo cometido afuera de una escuela en Santiago Jamiltepec, en la regi\u00f3n de la Costa. La instituci\u00f3n de procuraci\u00f3n de justicia inform\u00f3 que&#8230;<\/p>\n","protected":false},"author":4,"featured_media":18992,"comment_status":"closed","ping_status":"closed","sticky":false,"template":"","format":"standard","meta":{"footnotes":""},"categories":[49],"tags":[],"class_list":["post-18991","post","type-post","status-publish","format-standard","has-post-thumbnail","hentry","category-titulares"],"_links":{"self":[{"href":"https:\/\/fdnoaxaca.net\/index.php\/wp-json\/wp\/v2\/posts\/18991","targetHints":{"allow":["GET"]}}],"collection":[{"href":"https:\/\/fdnoaxaca.net\/index.php\/wp-json\/wp\/v2\/posts"}],"about":[{"href":"https:\/\/fdnoaxaca.net\/index.php\/wp-json\/wp\/v2\/types\/post"}],"author":[{"embeddable":true,"href":"https:\/\/fdnoaxaca.net\/index.php\/wp-json\/wp\/v2\/users\/4"}],"replies":[{"embeddable":true,"href":"https:\/\/fdnoaxaca.net\/index.php\/wp-json\/wp\/v2\/comments?post=18991"}],"version-history":[{"count":1,"href":"https:\/\/fdnoaxaca.net\/index.php\/wp-json\/wp\/v2\/posts\/18991\/revisions"}],"predecessor-version":[{"id":18993,"href":"https:\/\/fdnoaxaca.net\/index.php\/wp-json\/wp\/v2\/posts\/18991\/revisions\/18993"}],"wp:featuredmedia":[{"embeddable":true,"href":"https:\/\/fdnoaxaca.net\/index.php\/wp-json\/wp\/v2\/media\/18992"}],"wp:attachment":[{"href":"https:\/\/fdnoaxaca.net\/index.php\/wp-json\/wp\/v2\/media?parent=18991"}],"wp:term":[{"taxonomy":"category","embeddable":true,"href":"https:\/\/fdnoaxaca.net\/index.php\/wp-json\/wp\/v2\/categories?post=18991"},{"taxonomy":"post_tag","embeddable":true,"href":"https:\/\/fdnoaxaca.net\/index.php\/wp-json\/wp\/v2\/tags?post=18991"}],"curies":[{"name":"wp","href":"https:\/\/api.w.org\/{rel}","templated":true}]}}