{"id":18994,"date":"2026-03-05T13:06:08","date_gmt":"2026-03-05T18:06:08","guid":{"rendered":"https:\/\/fdnoaxaca.net\/?p=18994"},"modified":"2026-03-05T13:06:10","modified_gmt":"2026-03-05T18:06:10","slug":"confirma-fiscalia-de-oaxaca-asesinato-de-dos-hombres-en-santa-maria-zaniza","status":"publish","type":"post","link":"https:\/\/fdnoaxaca.net\/index.php\/2026\/03\/05\/confirma-fiscalia-de-oaxaca-asesinato-de-dos-hombres-en-santa-maria-zaniza\/","title":{"rendered":"Confirma Fiscal\u00eda de Oaxaca asesinato de dos hombres en Santa Mar\u00eda Zaniza"},"content":{"rendered":"\n<p>Oaxaca, Oax., 5 de marzo de 2026.- La Fiscal\u00eda General del Estado de Oaxaca confirm\u00f3 el asesinato de dos hombres cometido en la comunidad de Santa Mar\u00eda Zaniza.<\/p>\n\n\n\n<p>Asegur\u00f3 que realiza las investigaciones correspondientes para esclarecer los hechos.<\/p>\n\n\n\n<p>La instituci\u00f3n despleg\u00f3 un equipo especializado de la Vicefiscal\u00eda Regional de Valles Centrales que se traslad\u00f3 a la localidad, luego de que el 4 de marzo se reportara la presencia de dos cuerpos sin vida con lesiones provocadas por impactos de proyectil de arma de fuego.<\/p>\n\n\n\n<p>Durante las primeras diligencias realizadas en el paraje denominado \u201cEl Vaquero\u201d, perteneciente a Santa Mar\u00eda Zaniza, personal ministerial logr\u00f3 asegurar diversos indicios bal\u00edsticos.&nbsp;<\/p>\n\n\n\n<p>De acuerdo con la informaci\u00f3n recabada y testimonios de pobladores de la comunidad, se pudo establecer la identidad de las v\u00edctimas: S.V.S. y D.V.E., padre e hijo, adem\u00e1s de recabar datos importantes que se integraron a las carpetas de investigaci\u00f3n para establecer l\u00edneas de investigaci\u00f3n s\u00f3lidas.<\/p>\n\n\n\n<p>El mi\u00e9rcoles fue reportado un enfrentamiento entre pobladores de Santa Mar\u00eda Zaniza y Santiago Amoltepec. Sin embargo, la Secretar\u00eda de Gobierno lo neg\u00f3 y asegur\u00f3 que no se hab\u00eda registrado ninguno.<\/p>\n","protected":false},"excerpt":{"rendered":"<p>Oaxaca, Oax., 5 de marzo de 2026.- La Fiscal\u00eda General del Estado de Oaxaca confirm\u00f3 el asesinato de dos hombres cometido en la comunidad de Santa Mar\u00eda Zaniza. Asegur\u00f3 que realiza las investigaciones correspondientes para esclarecer los hechos. La instituci\u00f3n despleg\u00f3 un equipo especializado de la Vicefiscal\u00eda Regional de Valles Centrales que se traslad\u00f3 a&#8230;<\/p>\n","protected":false},"author":4,"featured_media":18995,"comment_status":"closed","ping_status":"closed","sticky":false,"template":"","format":"standard","meta":{"footnotes":""},"categories":[49],"tags":[],"class_list":["post-18994","post","type-post","status-publish","format-standard","has-post-thumbnail","hentry","category-titulares"],"_links":{"self":[{"href":"https:\/\/fdnoaxaca.net\/index.php\/wp-json\/wp\/v2\/posts\/18994","targetHints":{"allow":["GET"]}}],"collection":[{"href":"https:\/\/fdnoaxaca.net\/index.php\/wp-json\/wp\/v2\/posts"}],"about":[{"href":"https:\/\/fdnoaxaca.net\/index.php\/wp-json\/wp\/v2\/types\/post"}],"author":[{"embeddable":true,"href":"https:\/\/fdnoaxaca.net\/index.php\/wp-json\/wp\/v2\/users\/4"}],"replies":[{"embeddable":true,"href":"https:\/\/fdnoaxaca.net\/index.php\/wp-json\/wp\/v2\/comments?post=18994"}],"version-history":[{"count":1,"href":"https:\/\/fdnoaxaca.net\/index.php\/wp-json\/wp\/v2\/posts\/18994\/revisions"}],"predecessor-version":[{"id":18996,"href":"https:\/\/fdnoaxaca.net\/index.php\/wp-json\/wp\/v2\/posts\/18994\/revisions\/18996"}],"wp:featuredmedia":[{"embeddable":true,"href":"https:\/\/fdnoaxaca.net\/index.php\/wp-json\/wp\/v2\/media\/18995"}],"wp:attachment":[{"href":"https:\/\/fdnoaxaca.net\/index.php\/wp-json\/wp\/v2\/media?parent=18994"}],"wp:term":[{"taxonomy":"category","embeddable":true,"href":"https:\/\/fdnoaxaca.net\/index.php\/wp-json\/wp\/v2\/categories?post=18994"},{"taxonomy":"post_tag","embeddable":true,"href":"https:\/\/fdnoaxaca.net\/index.php\/wp-json\/wp\/v2\/tags?post=18994"}],"curies":[{"name":"wp","href":"https:\/\/api.w.org\/{rel}","templated":true}]}}