{"id":19026,"date":"2026-03-10T10:30:17","date_gmt":"2026-03-10T15:30:17","guid":{"rendered":"https:\/\/fdnoaxaca.net\/?p=19026"},"modified":"2026-03-10T10:30:19","modified_gmt":"2026-03-10T15:30:19","slug":"inicia-ieepco-ciclo-de-presentaciones-de-libros-democracia-en-dialogo-transparencia-elecciones-y-sistemas-normativos-indigenas","status":"publish","type":"post","link":"https:\/\/fdnoaxaca.net\/index.php\/2026\/03\/10\/inicia-ieepco-ciclo-de-presentaciones-de-libros-democracia-en-dialogo-transparencia-elecciones-y-sistemas-normativos-indigenas\/","title":{"rendered":"Inicia IEEPCO ciclo de presentaciones de libros \u201cDemocracia en di\u00e1logo: Transparencia, Elecciones y Sistemas Normativos Ind\u00edgenas\u201d"},"content":{"rendered":"\n<p>Oaxaca, Oax., 10 de marzo de 2026.- El Instituto Estatal Electoral y de Participaci\u00f3n Ciudadana de Oaxaca (IEEPCO) dar\u00e1 inicio al ciclo de presentaciones de libros \u201cDemocracia en di\u00e1logo: Transparencia, Elecciones y Sistemas Normativos Ind\u00edgenas\u201d, el pr\u00f3ximo viernes 13 de marzo en la Sala de Sesiones del organismo p\u00fablico local electoral.<\/p>\n\n\n\n<p>Esta iniciativa organizada por el IEEPCO a trav\u00e9s de la Comisi\u00f3n Temporal de Comunicaci\u00f3n (CTC) y la Unidad T\u00e9cnica de Comunicaci\u00f3n Social (UTCS).<\/p>\n\n\n\n<p>La consejera electoral y presidente de la Comisi\u00f3n Temporal de Comunicaci\u00f3n, Ana Mar\u00eda M\u00e1rquez Andr\u00e9s, explic\u00f3 que esta iniciativa busca generar espacios de reflexi\u00f3n y an\u00e1lisis sobre temas fundamentales para la vida democr\u00e1tica del pa\u00eds mediante la difusi\u00f3n de obras editoriales especializadas, dirigidas tanto al personal del Instituto como a la ciudadan\u00eda en general.<\/p>\n\n\n\n<p>El ciclo comenzar\u00e1 con la presentaci\u00f3n del libro \u201cTransparencia y Acceso a la Informaci\u00f3n P\u00fablica\u201d, coeditado por la Facultad de Derecho de la UNAM y el INFO Ciudad de M\u00e9xico, que se realizar\u00e1 el 13 de marzo a las 11:00 horas.<\/p>\n\n\n\n<p>Esta actividad forma parte de una serie de acciones de capacitaci\u00f3n y di\u00e1logo que impulsan la CTC y la UTCS del IEEPCO.<\/p>\n\n\n\n<p>M\u00e1rquez Andr\u00e9s destac\u00f3 la importancia de acercar a la poblaci\u00f3n materiales editoriales que abordan temas de inter\u00e9s p\u00fablico y que contribuyen al fortalecimiento de la educaci\u00f3n c\u00edvica y la participaci\u00f3n ciudadana.<\/p>\n\n\n\n<p>Asimismo, invit\u00f3 a la ciudadan\u00eda para que asista a las presentaciones o seguirlas a trav\u00e9s de las plataformas digitales del Instituto.<\/p>\n\n\n\n<p>El libro \u201cTransparencia y Acceso a la Informaci\u00f3n P\u00fablica\u201d de la autor\u00eda de Ra\u00fal \u00c1vila Ortiz, Jorge Reyes Negrete, Jarumy Esmeralda M\u00e9ndez Reyes, Jos\u00e9 Ernesto Ru\u00edz L\u00f3pez y Antonio Guti\u00e9rrez Victoria, fue coordinado por Juan G\u00f3mez P\u00e9rez y ofrece un balance sobre el estado que guarda la transparencia en M\u00e9xico.<\/p>\n\n\n\n<p>La obra analiza temas como la transparencia electoral, el derecho a la ciudad, la justicia ambiental y la ense\u00f1anza del derecho de acceso a la informaci\u00f3n.<\/p>\n\n\n\n<p>Como parte de este ciclo tambi\u00e9n se presentar\u00e1n, en pr\u00f3ximas fechas, los libros: \u201cLas Elecciones Mexicanas de 2024. Ep\u00edlogo: Las Elecciones Judiciales 2025\u201d; \u201cCuestiones Electorales 2020-2024\u201d; y \u201cXaga Tlhaz \/ Mejillas de Durazno\u201d.&nbsp;<\/p>\n\n\n\n<p>Estas presentaciones brindar\u00e1n una gran oportunidad para conocer, aprender y analizar sobre los temas abordados en las obras, a partir de las conversaciones enriquecedoras de las autoras y los autores.<\/p>\n","protected":false},"excerpt":{"rendered":"<p>Oaxaca, Oax., 10 de marzo de 2026.- El Instituto Estatal Electoral y de Participaci\u00f3n Ciudadana de Oaxaca (IEEPCO) dar\u00e1 inicio al ciclo de presentaciones de libros \u201cDemocracia en di\u00e1logo: Transparencia, Elecciones y Sistemas Normativos Ind\u00edgenas\u201d, el pr\u00f3ximo viernes 13 de marzo en la Sala de Sesiones del organismo p\u00fablico local electoral. Esta iniciativa organizada por&#8230;<\/p>\n","protected":false},"author":4,"featured_media":19027,"comment_status":"closed","ping_status":"closed","sticky":false,"template":"","format":"standard","meta":{"footnotes":""},"categories":[4],"tags":[],"class_list":["post-19026","post","type-post","status-publish","format-standard","has-post-thumbnail","hentry","category-general"],"_links":{"self":[{"href":"https:\/\/fdnoaxaca.net\/index.php\/wp-json\/wp\/v2\/posts\/19026","targetHints":{"allow":["GET"]}}],"collection":[{"href":"https:\/\/fdnoaxaca.net\/index.php\/wp-json\/wp\/v2\/posts"}],"about":[{"href":"https:\/\/fdnoaxaca.net\/index.php\/wp-json\/wp\/v2\/types\/post"}],"author":[{"embeddable":true,"href":"https:\/\/fdnoaxaca.net\/index.php\/wp-json\/wp\/v2\/users\/4"}],"replies":[{"embeddable":true,"href":"https:\/\/fdnoaxaca.net\/index.php\/wp-json\/wp\/v2\/comments?post=19026"}],"version-history":[{"count":1,"href":"https:\/\/fdnoaxaca.net\/index.php\/wp-json\/wp\/v2\/posts\/19026\/revisions"}],"predecessor-version":[{"id":19028,"href":"https:\/\/fdnoaxaca.net\/index.php\/wp-json\/wp\/v2\/posts\/19026\/revisions\/19028"}],"wp:featuredmedia":[{"embeddable":true,"href":"https:\/\/fdnoaxaca.net\/index.php\/wp-json\/wp\/v2\/media\/19027"}],"wp:attachment":[{"href":"https:\/\/fdnoaxaca.net\/index.php\/wp-json\/wp\/v2\/media?parent=19026"}],"wp:term":[{"taxonomy":"category","embeddable":true,"href":"https:\/\/fdnoaxaca.net\/index.php\/wp-json\/wp\/v2\/categories?post=19026"},{"taxonomy":"post_tag","embeddable":true,"href":"https:\/\/fdnoaxaca.net\/index.php\/wp-json\/wp\/v2\/tags?post=19026"}],"curies":[{"name":"wp","href":"https:\/\/api.w.org\/{rel}","templated":true}]}}