{"id":19036,"date":"2026-03-12T13:38:07","date_gmt":"2026-03-12T18:38:07","guid":{"rendered":"https:\/\/fdnoaxaca.net\/?p=19036"},"modified":"2026-03-12T13:38:09","modified_gmt":"2026-03-12T18:38:09","slug":"desaparece-congreso-el-ayuntamiento-del-municipio-de-san-agustin-amatengo","status":"publish","type":"post","link":"https:\/\/fdnoaxaca.net\/index.php\/2026\/03\/12\/desaparece-congreso-el-ayuntamiento-del-municipio-de-san-agustin-amatengo\/","title":{"rendered":"Desaparece Congreso el ayuntamiento del municipio de San Agust\u00edn Amatengo"},"content":{"rendered":"\n<p>* La determinaci\u00f3n deriva del an\u00e1lisis jur\u00eddico de las renuncias irrevocables presentadas y ratificadas de los concejales propietarios y suplentes del Cabildo.<\/p>\n\n\n\n<p>San Raymundo Jalpan, Oax., 12 de marzo de 2026.- La 66 Legislatura del Congreso del Estado aprob\u00f3 en sesi\u00f3n extraordinaria, con 35 votos a favor, la desaparici\u00f3n del ayuntamiento del municipio de San Agust\u00edn Amatengo, distrito de Ejutla, electo para el periodo constitucional del 1 de enero de 2025 al 31 de diciembre de 2027.<\/p>\n\n\n\n<p>El dictamen emitido por la Comisi\u00f3n Permanente de Gobierno y Asuntos Agrarios, establece que esta determinaci\u00f3n deriva del an\u00e1lisis jur\u00eddico de las renuncias irrevocables presentadas y ratificadas por la totalidad de los concejales propietarios y suplentes del Cabildo, encabezados por la ahora expresidente municipal Italivy Sarah\u00ed Ju\u00e1rez Ram\u00edrez.<\/p>\n\n\n\n<p>Esta resoluci\u00f3n se da luego de los hechos violentos ocurridos el 24 de febrero del presente a\u00f1o en el Congreso de Oaxaca, donde desde la sede del Poder Legislativo fue retenida la ahora exedil por un grupo de pobladores ante la decisi\u00f3n legislativa de no aprobar ese d\u00eda la revocaci\u00f3n de mandato de la entonces mun\u00edcipe se\u00f1alada de corrupci\u00f3n.<\/p>\n\n\n\n<p>El dictamen que no fue aprobado por el pleno del Congreso de Oaxaca en la sesi\u00f3n del martes 24 de febrero, la comisi\u00f3n legislativa hab\u00eda resuelto la procedencia de la revocaci\u00f3n de mandato de la edil Italivy Sarah\u00ed Ju\u00e1rez Ram\u00edrez, por concluir que se ten\u00edan acreditadas las causales por las cuales se le quita de un cargo a alguna autoridad municipal, las cuales est\u00e1n establecidas en el art\u00edculo 61 de la Ley Org\u00e1nica Municipal del Estado.<\/p>\n\n\n\n<p>Y asimismo, se autorizaba que la suplente Evelinne Francisco Mart\u00ednez asumiera la presidencia municipal.<\/p>\n\n\n\n<p>Sin embargo, en la sesi\u00f3n del 10 de marzo, el Congreso aprob\u00f3 el nuevo dictamen donde se procede a la desaparici\u00f3n del ayuntamiento mencionado.<\/p>\n\n\n\n<p>Sobre esta nueva resoluci\u00f3n, la&nbsp;Comisi\u00f3n dictaminadora consider\u00f3 que la situaci\u00f3n gener\u00f3 un escenario de ingobernabilidad que imposibilita el funcionamiento del Ayuntamiento, lo que ha derivado en el abandono institucional del municipio y la interrupci\u00f3n de servicios p\u00fablicos esenciales como el suministro de agua potable, la recolecci\u00f3n de residuos y la atenci\u00f3n m\u00e9dica, adem\u00e1s de la ausencia de autoridades que garanticen la seguridad p\u00fablica.<\/p>\n\n\n\n<p>De acuerdo con lo previsto en las fracciones I, II, IV y VI del art\u00edculo 58 de la Ley Org\u00e1nica Municipal del Estado, se consideran causas graves para la desaparici\u00f3n de un Ayuntamiento situaciones que pongan en riesgo la vida, salud o dignidad de las personas, conflictos reiterados entre integrantes del Cabildo o con la comunidad que impidan el ejercicio de sus funciones, as\u00ed como afectaciones graves a la hacienda p\u00fablica municipal.<\/p>\n\n\n\n<p>Ante este contexto, el Congreso del Estado determin\u00f3 restablecer el orden institucional y asegurar la protecci\u00f3n de los derechos humanos de los habitantes de San Agust\u00edn Amatengo.<\/p>\n\n\n\n<p>Ahora el municipio tendr\u00e1 un encargado de la Administraci\u00f3n Municipal, el cual ser\u00e1 nombrado por el gobierno estatal.<\/p>\n\n\n\n<p>Posteriormente, 15 d\u00edas antes de que concluya el periodo de noventa d\u00edas de dicha designaci\u00f3n, el Ejecutivo estatal deber\u00e1 proponer al Congreso del Estado la integraci\u00f3n de un Consejo Municipal para su ratificaci\u00f3n conforme a lo establecido en la Constituci\u00f3n local.<\/p>\n","protected":false},"excerpt":{"rendered":"<p>* La determinaci\u00f3n deriva del an\u00e1lisis jur\u00eddico de las renuncias irrevocables presentadas y ratificadas de los concejales propietarios y suplentes del Cabildo. San Raymundo Jalpan, Oax., 12 de marzo de 2026.- La 66 Legislatura del Congreso del Estado aprob\u00f3 en sesi\u00f3n extraordinaria, con 35 votos a favor, la desaparici\u00f3n del ayuntamiento del municipio de San&#8230;<\/p>\n","protected":false},"author":4,"featured_media":19037,"comment_status":"closed","ping_status":"closed","sticky":false,"template":"","format":"standard","meta":{"footnotes":""},"categories":[49],"tags":[],"class_list":["post-19036","post","type-post","status-publish","format-standard","has-post-thumbnail","hentry","category-titulares"],"_links":{"self":[{"href":"https:\/\/fdnoaxaca.net\/index.php\/wp-json\/wp\/v2\/posts\/19036","targetHints":{"allow":["GET"]}}],"collection":[{"href":"https:\/\/fdnoaxaca.net\/index.php\/wp-json\/wp\/v2\/posts"}],"about":[{"href":"https:\/\/fdnoaxaca.net\/index.php\/wp-json\/wp\/v2\/types\/post"}],"author":[{"embeddable":true,"href":"https:\/\/fdnoaxaca.net\/index.php\/wp-json\/wp\/v2\/users\/4"}],"replies":[{"embeddable":true,"href":"https:\/\/fdnoaxaca.net\/index.php\/wp-json\/wp\/v2\/comments?post=19036"}],"version-history":[{"count":1,"href":"https:\/\/fdnoaxaca.net\/index.php\/wp-json\/wp\/v2\/posts\/19036\/revisions"}],"predecessor-version":[{"id":19038,"href":"https:\/\/fdnoaxaca.net\/index.php\/wp-json\/wp\/v2\/posts\/19036\/revisions\/19038"}],"wp:featuredmedia":[{"embeddable":true,"href":"https:\/\/fdnoaxaca.net\/index.php\/wp-json\/wp\/v2\/media\/19037"}],"wp:attachment":[{"href":"https:\/\/fdnoaxaca.net\/index.php\/wp-json\/wp\/v2\/media?parent=19036"}],"wp:term":[{"taxonomy":"category","embeddable":true,"href":"https:\/\/fdnoaxaca.net\/index.php\/wp-json\/wp\/v2\/categories?post=19036"},{"taxonomy":"post_tag","embeddable":true,"href":"https:\/\/fdnoaxaca.net\/index.php\/wp-json\/wp\/v2\/tags?post=19036"}],"curies":[{"name":"wp","href":"https:\/\/api.w.org\/{rel}","templated":true}]}}