{"id":1904,"date":"2019-10-22T15:37:07","date_gmt":"2019-10-22T15:37:07","guid":{"rendered":"http:\/\/fdnoaxaca.net\/?p=1904"},"modified":"2019-10-22T15:37:10","modified_gmt":"2019-10-22T15:37:10","slug":"a-salvo-seis-estudiantes-oaxaquenos-en-chile-uabjo","status":"publish","type":"post","link":"https:\/\/fdnoaxaca.net\/index.php\/2019\/10\/22\/a-salvo-seis-estudiantes-oaxaquenos-en-chile-uabjo\/","title":{"rendered":"A salvo, seis estudiantes oaxaque\u00f1os en Chile: UABJO"},"content":{"rendered":"\n<p>Oaxaca de Ju\u00e1rez, Oax. 22 de octubre de 2019.- Los seis estudiantes universitarios de Oaxaca quienes se encuentran en Chile est\u00e1n a salvo, report\u00f3 la Universidad Aut\u00f3noma &#8216;Benito Ju\u00e1rez&#8217; de Oaxaca (UABJO).<\/p>\n\n\n\n<p>Luego de las protestas violentas en ese pa\u00eds Latinoamericano donde 15 personas han muerto, el rector de la universidad de Oaxaca, Eduardo Bautista Mart\u00ednez, inform\u00f3 que la instituci\u00f3n se comunic\u00f3 con la Embajada de M\u00e9xico en Chile, para brindar el apoyo y salvaguardar la integridad de los estudiantes, donde se report\u00f3 que se encuentran a salvo.<\/p>\n\n\n\n<p>&#8220;Les comunicamos que nuestros estudiantes se encuentran bien y cuentan con la informaci\u00f3n y herramientas, para que, en caso de ser necesario, la Embajada Mexicana les brinde la atenci\u00f3n de forma inmediata&#8221;, detall\u00f3.<\/p>\n\n\n\n<p>Los seis oaxaque\u00f1os que se encuentran en las ciudades de Temuco y Santiago en Chile, est\u00e1n en ese pa\u00eds como parte de un per\u00edodo de movilidad acad\u00e9mica semestral.<\/p>\n\n\n\n<p>Ante las protestas violentas donde se ha reportado la muerte de 15 personas, el gobierno de Chile determin\u00f3 toque de queda. <\/p>\n","protected":false},"excerpt":{"rendered":"<p>Oaxaca de Ju\u00e1rez, Oax. 22 de octubre de 2019.- Los seis estudiantes universitarios de Oaxaca quienes se encuentran en Chile est\u00e1n a salvo, report\u00f3 la Universidad Aut\u00f3noma &#8216;Benito Ju\u00e1rez&#8217; de Oaxaca (UABJO). Luego de las protestas violentas en ese pa\u00eds Latinoamericano donde 15 personas han muerto, el rector de la universidad de Oaxaca, Eduardo Bautista&#8230;<\/p>\n","protected":false},"author":4,"featured_media":1906,"comment_status":"closed","ping_status":"closed","sticky":false,"template":"","format":"standard","meta":{"footnotes":""},"categories":[49],"tags":[],"class_list":["post-1904","post","type-post","status-publish","format-standard","has-post-thumbnail","hentry","category-titulares"],"_links":{"self":[{"href":"https:\/\/fdnoaxaca.net\/index.php\/wp-json\/wp\/v2\/posts\/1904","targetHints":{"allow":["GET"]}}],"collection":[{"href":"https:\/\/fdnoaxaca.net\/index.php\/wp-json\/wp\/v2\/posts"}],"about":[{"href":"https:\/\/fdnoaxaca.net\/index.php\/wp-json\/wp\/v2\/types\/post"}],"author":[{"embeddable":true,"href":"https:\/\/fdnoaxaca.net\/index.php\/wp-json\/wp\/v2\/users\/4"}],"replies":[{"embeddable":true,"href":"https:\/\/fdnoaxaca.net\/index.php\/wp-json\/wp\/v2\/comments?post=1904"}],"version-history":[{"count":1,"href":"https:\/\/fdnoaxaca.net\/index.php\/wp-json\/wp\/v2\/posts\/1904\/revisions"}],"predecessor-version":[{"id":1907,"href":"https:\/\/fdnoaxaca.net\/index.php\/wp-json\/wp\/v2\/posts\/1904\/revisions\/1907"}],"wp:featuredmedia":[{"embeddable":true,"href":"https:\/\/fdnoaxaca.net\/index.php\/wp-json\/wp\/v2\/media\/1906"}],"wp:attachment":[{"href":"https:\/\/fdnoaxaca.net\/index.php\/wp-json\/wp\/v2\/media?parent=1904"}],"wp:term":[{"taxonomy":"category","embeddable":true,"href":"https:\/\/fdnoaxaca.net\/index.php\/wp-json\/wp\/v2\/categories?post=1904"},{"taxonomy":"post_tag","embeddable":true,"href":"https:\/\/fdnoaxaca.net\/index.php\/wp-json\/wp\/v2\/tags?post=1904"}],"curies":[{"name":"wp","href":"https:\/\/api.w.org\/{rel}","templated":true}]}}