{"id":19103,"date":"2026-03-15T00:24:41","date_gmt":"2026-03-15T05:24:41","guid":{"rendered":"https:\/\/fdnoaxaca.net\/?p=19103"},"modified":"2026-03-15T00:24:43","modified_gmt":"2026-03-15T05:24:43","slug":"camion-trocero-choca-contra-vivienda-en-guelatao-hay-2-muertos-y-9-heridos","status":"publish","type":"post","link":"https:\/\/fdnoaxaca.net\/index.php\/2026\/03\/15\/camion-trocero-choca-contra-vivienda-en-guelatao-hay-2-muertos-y-9-heridos\/","title":{"rendered":"Cami\u00f3n trocero choca contra vivienda en Guelatao; hay 2 muertos y 9 heridos\u00a0"},"content":{"rendered":"\n<p>Oaxaca, Oax., 14 de marzo de 2026.- El gobierno de Oaxaca report\u00f3 dos personas fallecidas y nueve heridos, derivado del accidente de un cami\u00f3n tipo trocero que se impact\u00f3 contra una vivienda en Guelatao, en la regi\u00f3n de la Sierra de Ju\u00e1rez.<\/p>\n\n\n\n<p>El accidente ocurri\u00f3 este s\u00e1bado en dicho municipio de Oaxaca.<\/p>\n\n\n\n<p>En un comunicado, el gobierno estatal inform\u00f3 que dos personas murieron. En tanto, ocho quienes resultaron lesionadas fueron trasladadas al Hospital de Ixtl\u00e1n; mientras que un herido de gravedad fue llevado al Hospital Civil &#8220;Dr. Aurelio Valdivieso&#8221;, en la capital del estado.<\/p>\n\n\n\n<p>La emergencia fue atendida por elementos de Protecci\u00f3n Civil, de la Polic\u00eda Vial estatal, autoridades municipales y de diversas corporaciones.<\/p>\n\n\n\n<div class=\"wp-block-cover\"><img loading=\"lazy\" decoding=\"async\" width=\"1024\" height=\"768\" class=\"wp-block-cover__image-background wp-image-19104\" alt=\"\" src=\"https:\/\/fdnoaxaca.net\/wp-content\/uploads\/2026\/03\/20260314_230137-1024x768.jpg\" data-object-fit=\"cover\" srcset=\"https:\/\/fdnoaxaca.net\/wp-content\/uploads\/2026\/03\/20260314_230137-1024x768.jpg 1024w, https:\/\/fdnoaxaca.net\/wp-content\/uploads\/2026\/03\/20260314_230137-300x225.jpg 300w, https:\/\/fdnoaxaca.net\/wp-content\/uploads\/2026\/03\/20260314_230137-768x576.jpg 768w, https:\/\/fdnoaxaca.net\/wp-content\/uploads\/2026\/03\/20260314_230137-1536x1152.jpg 1536w, https:\/\/fdnoaxaca.net\/wp-content\/uploads\/2026\/03\/20260314_230137.jpg 1600w\" sizes=\"auto, (max-width: 1024px) 100vw, 1024px\" \/><span aria-hidden=\"true\" class=\"wp-block-cover__background has-background-dim\"><\/span><div class=\"wp-block-cover__inner-container is-layout-flow wp-block-cover-is-layout-flow\">\n<p><\/p>\n\n\n\n<p><\/p>\n\n\n\n<p><\/p>\n\n\n\n<p><\/p>\n\n\n\n<p><\/p>\n\n\n\n<p><\/p>\n\n\n\n<p><\/p>\n\n\n\n<p><\/p>\n\n\n\n<p><\/p>\n\n\n\n<p><\/p>\n\n\n\n<p><\/p>\n\n\n\n<p class=\"has-text-align-center has-large-font-size\"><em>Corporaciones de emergencia atendiendo la situaci\u00f3n. Foto: Polic\u00eda Vial estatal <\/em><\/p>\n\n\n\n<p><\/p>\n<\/div><\/div>\n","protected":false},"excerpt":{"rendered":"<p>Oaxaca, Oax., 14 de marzo de 2026.- El gobierno de Oaxaca report\u00f3 dos personas fallecidas y nueve heridos, derivado del accidente de un cami\u00f3n tipo trocero que se impact\u00f3 contra una vivienda en Guelatao, en la regi\u00f3n de la Sierra de Ju\u00e1rez. El accidente ocurri\u00f3 este s\u00e1bado en dicho municipio de Oaxaca. En un comunicado,&#8230;<\/p>\n","protected":false},"author":4,"featured_media":19105,"comment_status":"closed","ping_status":"closed","sticky":false,"template":"","format":"standard","meta":{"footnotes":""},"categories":[49],"tags":[],"class_list":["post-19103","post","type-post","status-publish","format-standard","has-post-thumbnail","hentry","category-titulares"],"_links":{"self":[{"href":"https:\/\/fdnoaxaca.net\/index.php\/wp-json\/wp\/v2\/posts\/19103","targetHints":{"allow":["GET"]}}],"collection":[{"href":"https:\/\/fdnoaxaca.net\/index.php\/wp-json\/wp\/v2\/posts"}],"about":[{"href":"https:\/\/fdnoaxaca.net\/index.php\/wp-json\/wp\/v2\/types\/post"}],"author":[{"embeddable":true,"href":"https:\/\/fdnoaxaca.net\/index.php\/wp-json\/wp\/v2\/users\/4"}],"replies":[{"embeddable":true,"href":"https:\/\/fdnoaxaca.net\/index.php\/wp-json\/wp\/v2\/comments?post=19103"}],"version-history":[{"count":1,"href":"https:\/\/fdnoaxaca.net\/index.php\/wp-json\/wp\/v2\/posts\/19103\/revisions"}],"predecessor-version":[{"id":19106,"href":"https:\/\/fdnoaxaca.net\/index.php\/wp-json\/wp\/v2\/posts\/19103\/revisions\/19106"}],"wp:featuredmedia":[{"embeddable":true,"href":"https:\/\/fdnoaxaca.net\/index.php\/wp-json\/wp\/v2\/media\/19105"}],"wp:attachment":[{"href":"https:\/\/fdnoaxaca.net\/index.php\/wp-json\/wp\/v2\/media?parent=19103"}],"wp:term":[{"taxonomy":"category","embeddable":true,"href":"https:\/\/fdnoaxaca.net\/index.php\/wp-json\/wp\/v2\/categories?post=19103"},{"taxonomy":"post_tag","embeddable":true,"href":"https:\/\/fdnoaxaca.net\/index.php\/wp-json\/wp\/v2\/tags?post=19103"}],"curies":[{"name":"wp","href":"https:\/\/api.w.org\/{rel}","templated":true}]}}