{"id":19130,"date":"2026-03-17T19:47:12","date_gmt":"2026-03-18T00:47:12","guid":{"rendered":"https:\/\/fdnoaxaca.net\/?p=19130"},"modified":"2026-03-17T19:47:14","modified_gmt":"2026-03-18T00:47:14","slug":"matan-a-padre-de-familia-dentro-de-un-preescolar-en-juchitan","status":"publish","type":"post","link":"https:\/\/fdnoaxaca.net\/index.php\/2026\/03\/17\/matan-a-padre-de-familia-dentro-de-un-preescolar-en-juchitan\/","title":{"rendered":"Matan a padre de familia dentro de un preescolar en Juchit\u00e1n\u00a0"},"content":{"rendered":"\n<p>Oaxaca, Oax., 17 de marzo de 2026.- Un hombre fue asesinado a balazos dentro de un preescolar la ma\u00f1ana de este martes en Juchit\u00e1n de Zaragoza, en la regi\u00f3n del Istmo de Tehuantepec.<\/p>\n\n\n\n<p>La Fiscal\u00eda General del Estado de Oaxaca (FGEO) inform\u00f3 que realiza los trabajos ministeriales para establecer&nbsp; las l\u00edneas de investigaci\u00f3n de este crimen.<\/p>\n\n\n\n<p>De acuerdo con las primeras diligencias ministeriales y periciales, los hechos ocurrieron la ma\u00f1ana de este martes 17 de marzo de 2026, en el k\u00ednder \u201cLuz Mar\u00eda Serra del Romero\u201d.<\/p>\n\n\n\n<p>Hasta el momento no hay detenidos por este homicidio. Tras el crimen, el titular del Instituto Estatal de Educaci\u00f3n P\u00fablica de Oaxaca (IEEPO), Emilio Montero P\u00e9rez, inform\u00f3 a trav\u00e9s de redes sociales que la persona asesinada era un padre de familia.<\/p>\n\n\n\n<p>&#8220;Lo ocurrido esta ma\u00f1ana es absolutamente condenable&#8221;, expres\u00f3.<\/p>\n","protected":false},"excerpt":{"rendered":"<p>Oaxaca, Oax., 17 de marzo de 2026.- Un hombre fue asesinado a balazos dentro de un preescolar la ma\u00f1ana de este martes en Juchit\u00e1n de Zaragoza, en la regi\u00f3n del Istmo de Tehuantepec. La Fiscal\u00eda General del Estado de Oaxaca (FGEO) inform\u00f3 que realiza los trabajos ministeriales para establecer&nbsp; las l\u00edneas de investigaci\u00f3n de este&#8230;<\/p>\n","protected":false},"author":4,"featured_media":19131,"comment_status":"closed","ping_status":"closed","sticky":false,"template":"","format":"standard","meta":{"footnotes":""},"categories":[49],"tags":[],"class_list":["post-19130","post","type-post","status-publish","format-standard","has-post-thumbnail","hentry","category-titulares"],"_links":{"self":[{"href":"https:\/\/fdnoaxaca.net\/index.php\/wp-json\/wp\/v2\/posts\/19130","targetHints":{"allow":["GET"]}}],"collection":[{"href":"https:\/\/fdnoaxaca.net\/index.php\/wp-json\/wp\/v2\/posts"}],"about":[{"href":"https:\/\/fdnoaxaca.net\/index.php\/wp-json\/wp\/v2\/types\/post"}],"author":[{"embeddable":true,"href":"https:\/\/fdnoaxaca.net\/index.php\/wp-json\/wp\/v2\/users\/4"}],"replies":[{"embeddable":true,"href":"https:\/\/fdnoaxaca.net\/index.php\/wp-json\/wp\/v2\/comments?post=19130"}],"version-history":[{"count":1,"href":"https:\/\/fdnoaxaca.net\/index.php\/wp-json\/wp\/v2\/posts\/19130\/revisions"}],"predecessor-version":[{"id":19132,"href":"https:\/\/fdnoaxaca.net\/index.php\/wp-json\/wp\/v2\/posts\/19130\/revisions\/19132"}],"wp:featuredmedia":[{"embeddable":true,"href":"https:\/\/fdnoaxaca.net\/index.php\/wp-json\/wp\/v2\/media\/19131"}],"wp:attachment":[{"href":"https:\/\/fdnoaxaca.net\/index.php\/wp-json\/wp\/v2\/media?parent=19130"}],"wp:term":[{"taxonomy":"category","embeddable":true,"href":"https:\/\/fdnoaxaca.net\/index.php\/wp-json\/wp\/v2\/categories?post=19130"},{"taxonomy":"post_tag","embeddable":true,"href":"https:\/\/fdnoaxaca.net\/index.php\/wp-json\/wp\/v2\/tags?post=19130"}],"curies":[{"name":"wp","href":"https:\/\/api.w.org\/{rel}","templated":true}]}}