{"id":19134,"date":"2026-03-18T16:54:39","date_gmt":"2026-03-18T21:54:39","guid":{"rendered":"https:\/\/fdnoaxaca.net\/?p=19134"},"modified":"2026-03-18T16:54:41","modified_gmt":"2026-03-18T21:54:41","slug":"comienza-seccion-22-paro-laboral-de-72-horas-en-oaxaca","status":"publish","type":"post","link":"https:\/\/fdnoaxaca.net\/index.php\/2026\/03\/18\/comienza-seccion-22-paro-laboral-de-72-horas-en-oaxaca\/","title":{"rendered":"Comienza Secci\u00f3n 22 paro laboral de 72 horas en Oaxaca\u00a0"},"content":{"rendered":"\n<p>Oaxaca, Oax., 18 de marzo de 2026.- Profesores de la Secci\u00f3n 22 adherida a la Coordinadora Nacional de Trabajadores de la Educaci\u00f3n (CNTE), iniciaron este mi\u00e9rcoles un paro laboral de 72 horas en Oaxaca, en demanda de la reinstalaci\u00f3n de la mesa de negociaci\u00f3n con la presidente de M\u00e9xico, Claudia Sheinbaum Pardo.<\/p>\n\n\n\n<p>Debido a su protesta, poco m\u00e1s de 800 mil alumnos estar\u00e1n sin clases durante los tres d\u00edas de esta semana en el nivel de educaci\u00f3n b\u00e1sica en Oaxaca.<\/p>\n\n\n\n<figure class=\"wp-block-embed is-type-rich is-provider-twitter wp-block-embed-twitter\"><div class=\"wp-block-embed__wrapper\">\n<blockquote class=\"twitter-tweet\" data-width=\"550\" data-dnt=\"true\"><p lang=\"es\" dir=\"ltr\">Inicia <a href=\"https:\/\/twitter.com\/Seccion22Cencos?ref_src=twsrc%5Etfw\">@Seccion22Cencos<\/a> paro de 72 horas; una representaci\u00f3n se instal\u00f3 en plant\u00f3n en el corredor del Palacio de Gobierno de <a href=\"https:\/\/twitter.com\/hashtag\/Oaxaca?src=hash&amp;ref_src=twsrc%5Etfw\">#Oaxaca<\/a>; mientras otras se concentran en los complejos de Ciudad Administrativa y Ciudad Judicial. Otra representaci\u00f3n se moviliza en la capital del pa\u00eds. <a href=\"https:\/\/t.co\/blxWxUmlGG\">pic.twitter.com\/blxWxUmlGG<\/a><\/p>&mdash; FDN Oaxaca (@FDN_Oaxaca) <a href=\"https:\/\/twitter.com\/FDN_Oaxaca\/status\/2034295818547511776?ref_src=twsrc%5Etfw\">March 18, 2026<\/a><\/blockquote><script async src=\"https:\/\/platform.twitter.com\/widgets.js\" charset=\"utf-8\"><\/script>\n<\/div><\/figure>\n\n\n\n<p>El magisterio tiene contemplado movilizarse en el estado y en la capital del pa\u00eds, donde en la Ciudad de M\u00e9xico estar\u00e1 manifest\u00e1ndose con los sindicalizados de otros estados que pertenecen a la CNTE, en exigencia de que sus peticiones sean respondidas.<\/p>\n\n\n\n<p>La CNTE exige la abrogaci\u00f3n de la reforma educativa, as\u00ed como la Ley del ISSSTE de 2007, que seg\u00fan la Coordinadora, estas legislaciones han vulnerado los derechos laborales, salariales y de seguridad social de los trabajadores del \u00e1mbito educativo.<\/p>\n\n\n\n<p>En el caso de Oaxaca, una representaci\u00f3n se instal\u00f3 desde la ma\u00f1ana de este 18 de marzo en plant\u00f3n en el corredor del Palacio de Gobierno; al igual, que en los accesos a los complejos gubernamentales de Ciudad Administrativa y Ciudad Judicial.<\/p>\n\n\n\n<p>Igualmente en la capital del pa\u00eds, profesores de la Secci\u00f3n 22 participan en las movilizaciones de la CNTE.<\/p>\n","protected":false},"excerpt":{"rendered":"<p>Oaxaca, Oax., 18 de marzo de 2026.- Profesores de la Secci\u00f3n 22 adherida a la Coordinadora Nacional de Trabajadores de la Educaci\u00f3n (CNTE), iniciaron este mi\u00e9rcoles un paro laboral de 72 horas en Oaxaca, en demanda de la reinstalaci\u00f3n de la mesa de negociaci\u00f3n con la presidente de M\u00e9xico, Claudia Sheinbaum Pardo. Debido a su&#8230;<\/p>\n","protected":false},"author":4,"featured_media":19135,"comment_status":"closed","ping_status":"closed","sticky":false,"template":"","format":"standard","meta":{"footnotes":""},"categories":[49],"tags":[],"class_list":["post-19134","post","type-post","status-publish","format-standard","has-post-thumbnail","hentry","category-titulares"],"_links":{"self":[{"href":"https:\/\/fdnoaxaca.net\/index.php\/wp-json\/wp\/v2\/posts\/19134","targetHints":{"allow":["GET"]}}],"collection":[{"href":"https:\/\/fdnoaxaca.net\/index.php\/wp-json\/wp\/v2\/posts"}],"about":[{"href":"https:\/\/fdnoaxaca.net\/index.php\/wp-json\/wp\/v2\/types\/post"}],"author":[{"embeddable":true,"href":"https:\/\/fdnoaxaca.net\/index.php\/wp-json\/wp\/v2\/users\/4"}],"replies":[{"embeddable":true,"href":"https:\/\/fdnoaxaca.net\/index.php\/wp-json\/wp\/v2\/comments?post=19134"}],"version-history":[{"count":1,"href":"https:\/\/fdnoaxaca.net\/index.php\/wp-json\/wp\/v2\/posts\/19134\/revisions"}],"predecessor-version":[{"id":19136,"href":"https:\/\/fdnoaxaca.net\/index.php\/wp-json\/wp\/v2\/posts\/19134\/revisions\/19136"}],"wp:featuredmedia":[{"embeddable":true,"href":"https:\/\/fdnoaxaca.net\/index.php\/wp-json\/wp\/v2\/media\/19135"}],"wp:attachment":[{"href":"https:\/\/fdnoaxaca.net\/index.php\/wp-json\/wp\/v2\/media?parent=19134"}],"wp:term":[{"taxonomy":"category","embeddable":true,"href":"https:\/\/fdnoaxaca.net\/index.php\/wp-json\/wp\/v2\/categories?post=19134"},{"taxonomy":"post_tag","embeddable":true,"href":"https:\/\/fdnoaxaca.net\/index.php\/wp-json\/wp\/v2\/tags?post=19134"}],"curies":[{"name":"wp","href":"https:\/\/api.w.org\/{rel}","templated":true}]}}