{"id":19169,"date":"2026-03-20T12:39:51","date_gmt":"2026-03-20T17:39:51","guid":{"rendered":"https:\/\/fdnoaxaca.net\/?p=19169"},"modified":"2026-03-20T13:49:09","modified_gmt":"2026-03-20T18:49:09","slug":"comienza-la-primavera-en-oaxaca-preven-lluvias-fuertes-y-temperaturas-altas-este-viernes","status":"publish","type":"post","link":"https:\/\/fdnoaxaca.net\/index.php\/2026\/03\/20\/comienza-la-primavera-en-oaxaca-preven-lluvias-fuertes-y-temperaturas-altas-este-viernes\/","title":{"rendered":"Comienza la Primavera; en Oaxaca prev\u00e9n lluvias fuertes y temperaturas altas este viernes"},"content":{"rendered":"\n<p>Oaxaca, Oax., 20 de marzo de 2026.- A las 8:46 horas de este viernes 20 de marzo de 2026 inici\u00f3 en M\u00e9xico la Primavera, una de las cuatro estaciones del a\u00f1o.<\/p>\n\n\n\n<p>La Primavera que se prev\u00e9 su duraci\u00f3n hasta el 20 de junio, es la estaci\u00f3n donde comienzan a subir las temperaturas, florece la vegetaci\u00f3n y aumenta la humedad.<\/p>\n\n\n\n<figure class=\"wp-block-image size-large\"><img loading=\"lazy\" decoding=\"async\" width=\"1024\" height=\"768\" src=\"https:\/\/fdnoaxaca.net\/wp-content\/uploads\/2026\/03\/WhatsApp-Image-2026-03-20-at-11.36.23-1024x768.jpeg\" alt=\"\" class=\"wp-image-19171\" srcset=\"https:\/\/fdnoaxaca.net\/wp-content\/uploads\/2026\/03\/WhatsApp-Image-2026-03-20-at-11.36.23-1024x768.jpeg 1024w, https:\/\/fdnoaxaca.net\/wp-content\/uploads\/2026\/03\/WhatsApp-Image-2026-03-20-at-11.36.23-300x225.jpeg 300w, https:\/\/fdnoaxaca.net\/wp-content\/uploads\/2026\/03\/WhatsApp-Image-2026-03-20-at-11.36.23-768x576.jpeg 768w, https:\/\/fdnoaxaca.net\/wp-content\/uploads\/2026\/03\/WhatsApp-Image-2026-03-20-at-11.36.23-1536x1152.jpeg 1536w, https:\/\/fdnoaxaca.net\/wp-content\/uploads\/2026\/03\/WhatsApp-Image-2026-03-20-at-11.36.23.jpeg 1600w\" sizes=\"auto, (max-width: 1024px) 100vw, 1024px\" \/><\/figure>\n\n\n\n<p>Precisamente sobre el clima, la Comisi\u00f3n Nacional del Agua (Conagua) inform\u00f3 que este d\u00eda continuar\u00e1 la onda de calor en seis estados del pa\u00eds: Sonora, Chihuahua, Durango, Sinaloa, Jalisco y Guerrero.<\/p>\n\n\n\n<p>Mientras que este 20 de marzo finalizar\u00e1 la onda de calor en los estados: Colima Michoac\u00e1n, Oaxaca y Chiapas.<\/p>\n\n\n\n<figure class=\"wp-block-image size-large\"><img loading=\"lazy\" decoding=\"async\" width=\"1024\" height=\"578\" src=\"https:\/\/fdnoaxaca.net\/wp-content\/uploads\/2026\/03\/WhatsApp-Image-2026-03-20-at-11.36.23-1-1-1024x578.jpeg\" alt=\"\" class=\"wp-image-19172\" srcset=\"https:\/\/fdnoaxaca.net\/wp-content\/uploads\/2026\/03\/WhatsApp-Image-2026-03-20-at-11.36.23-1-1-1024x578.jpeg 1024w, https:\/\/fdnoaxaca.net\/wp-content\/uploads\/2026\/03\/WhatsApp-Image-2026-03-20-at-11.36.23-1-1-300x169.jpeg 300w, https:\/\/fdnoaxaca.net\/wp-content\/uploads\/2026\/03\/WhatsApp-Image-2026-03-20-at-11.36.23-1-1-768x433.jpeg 768w, https:\/\/fdnoaxaca.net\/wp-content\/uploads\/2026\/03\/WhatsApp-Image-2026-03-20-at-11.36.23-1-1-1536x867.jpeg 1536w, https:\/\/fdnoaxaca.net\/wp-content\/uploads\/2026\/03\/WhatsApp-Image-2026-03-20-at-11.36.23-1-1.jpeg 1600w\" sizes=\"auto, (max-width: 1024px) 100vw, 1024px\" \/><\/figure>\n\n\n\n<p>Se pronostican temperaturas m\u00e1ximas de 40 a 45 grados Celsius en regiones de Baja California (noreste), Baja California Sur (sur), Sonora, Chihuahua (suroeste), Durango (noroeste) y Sinaloa; en tanto, de 35 a 40 grados en zonas de Coahuila, Nuevo Le\u00f3n, Tamaulipas, Nayarit, Jalisco, Colima, Michoac\u00e1n, Guerrero (noroeste), Morelos, Puebla (suroeste), Oaxaca y Chiapas, y de 30 a 35 grados en Zacatecas (sur), San Luis Potos\u00ed, Veracruz, Campeche, Yucat\u00e1n y Quintana Roo.<\/p>\n\n\n\n<p>Para este viernes, tambi\u00e9n se pronostican lluvias puntuales fuertes en regiones de Guerrero, Oaxaca y Chiapas; intervalos de chubascos en zonas del Estado de M\u00e9xico, Veracruz y Tabasco, as\u00ed como lluvias aisladas en Michoac\u00e1n, Ciudad de M\u00e9xico (sur), Morelos, Puebla, Campeche, Yucat\u00e1n y Quintana Roo.<\/p>\n\n\n\n<p>Las precipitaciones ser\u00e1n con descargas el\u00e9ctricas, ca\u00edda de granizo y fuertes rachas de viento.<\/p>\n\n\n\n<p>Asimismo, se prev\u00e9n rachas de viento de 60 a 80 kil\u00f3metros por hora (km\/h) en el Istmo y Golfo de Tehuantepec (Oaxaca y Chiapas); rachas de 40 a 60 km\/h en Coahuila, Nuevo Le\u00f3n, Tamaulipas, Durango, Zacatecas, Aguascalientes, Jalisco, San Luis Potos\u00ed y Guanajuato, y de 30 a 50 km\/h en Baja California Sur, Chihuahua, Sinaloa, Nayarit, Michoac\u00e1n, Quer\u00e9taro, Hidalgo, Estado de M\u00e9xico, Ciudad de M\u00e9xico, Tlaxcala, Puebla, Veracruz, Tabasco, Campeche, Yucat\u00e1n y Quintana Roo.<\/p>\n\n\n\n<p>Tambi\u00e9n, se prev\u00e9 oleaje de 2.5 a 3.5 metros (m) de altura en el Golfo de Tehuantepec, y de 1.0 a 2.0 m de altura en las costas de Yucat\u00e1n y Quintana Roo.<\/p>\n\n\n\n<p>Dichas condiciones ser\u00e1n generadas por canales de baja presi\u00f3n, una vaguada en altura y el ingreso de humedad procedente de ambos litorales.<\/p>\n","protected":false},"excerpt":{"rendered":"<p>Oaxaca, Oax., 20 de marzo de 2026.- A las 8:46 horas de este viernes 20 de marzo de 2026 inici\u00f3 en M\u00e9xico la Primavera, una de las cuatro estaciones del a\u00f1o. La Primavera que se prev\u00e9 su duraci\u00f3n hasta el 20 de junio, es la estaci\u00f3n donde comienzan a subir las temperaturas, florece la vegetaci\u00f3n&#8230;<\/p>\n","protected":false},"author":4,"featured_media":19174,"comment_status":"closed","ping_status":"closed","sticky":false,"template":"","format":"standard","meta":{"footnotes":""},"categories":[57,56,49],"tags":[],"class_list":["post-19169","post","type-post","status-publish","format-standard","has-post-thumbnail","hentry","category-internacional","category-nacional","category-titulares"],"_links":{"self":[{"href":"https:\/\/fdnoaxaca.net\/index.php\/wp-json\/wp\/v2\/posts\/19169","targetHints":{"allow":["GET"]}}],"collection":[{"href":"https:\/\/fdnoaxaca.net\/index.php\/wp-json\/wp\/v2\/posts"}],"about":[{"href":"https:\/\/fdnoaxaca.net\/index.php\/wp-json\/wp\/v2\/types\/post"}],"author":[{"embeddable":true,"href":"https:\/\/fdnoaxaca.net\/index.php\/wp-json\/wp\/v2\/users\/4"}],"replies":[{"embeddable":true,"href":"https:\/\/fdnoaxaca.net\/index.php\/wp-json\/wp\/v2\/comments?post=19169"}],"version-history":[{"count":1,"href":"https:\/\/fdnoaxaca.net\/index.php\/wp-json\/wp\/v2\/posts\/19169\/revisions"}],"predecessor-version":[{"id":19175,"href":"https:\/\/fdnoaxaca.net\/index.php\/wp-json\/wp\/v2\/posts\/19169\/revisions\/19175"}],"wp:featuredmedia":[{"embeddable":true,"href":"https:\/\/fdnoaxaca.net\/index.php\/wp-json\/wp\/v2\/media\/19174"}],"wp:attachment":[{"href":"https:\/\/fdnoaxaca.net\/index.php\/wp-json\/wp\/v2\/media?parent=19169"}],"wp:term":[{"taxonomy":"category","embeddable":true,"href":"https:\/\/fdnoaxaca.net\/index.php\/wp-json\/wp\/v2\/categories?post=19169"},{"taxonomy":"post_tag","embeddable":true,"href":"https:\/\/fdnoaxaca.net\/index.php\/wp-json\/wp\/v2\/tags?post=19169"}],"curies":[{"name":"wp","href":"https:\/\/api.w.org\/{rel}","templated":true}]}}