{"id":19191,"date":"2026-03-20T17:29:42","date_gmt":"2026-03-20T22:29:42","guid":{"rendered":"https:\/\/fdnoaxaca.net\/?p=19191"},"modified":"2026-03-20T17:29:43","modified_gmt":"2026-03-20T22:29:43","slug":"entra-en-vigor-la-primera-visitaduria-del-organo-de-evaluacion-judicial-del-pais-esta-en-oaxaca","status":"publish","type":"post","link":"https:\/\/fdnoaxaca.net\/index.php\/2026\/03\/20\/entra-en-vigor-la-primera-visitaduria-del-organo-de-evaluacion-judicial-del-pais-esta-en-oaxaca\/","title":{"rendered":"Entra en vigor la primera Visitadur\u00eda del \u00d3rgano de Evaluaci\u00f3n Judicial del pa\u00eds; est\u00e1 en Oaxaca"},"content":{"rendered":"\n<ul class=\"wp-block-list\">\n<li><em>Este ente valorar\u00e1 a los titulares de los \u00f3rganos jurisdiccionales y del personal que los integran, a fin de mejorar la capacidad de respuesta y atenci\u00f3n hacia los justiciables y p\u00fablico en general.<\/em><\/li>\n<\/ul>\n\n\n\n<p>Oaxaca de Ju\u00e1rez, Oax. 20 de marzo de 2026.-\u00a0Fue inaugurada la Visitadur\u00eda Regional del Sureste del \u00d3rgano de Evaluaci\u00f3n del Desempe\u00f1o Judicial, la cual tiene como primera sede en el pa\u00eds al estado de Oaxaca.<\/p>\n\n\n\n<p>La presidente del Tribunal de Disciplina Judicial del Poder Judicial de la Federaci\u00f3n, Celia Maya Garc\u00eda, detall\u00f3 que este ente ha evolucionado gracias a la reforma judicial, la cual rescata y redimensiona la estructura de esta instituci\u00f3n, mejorando sus funciones, misi\u00f3n y objetivos.&nbsp;<\/p>\n\n\n\n<p>\u201cCon la evaluaci\u00f3n de las personas juzgadoras se pretende fortificar la capacidad de respuesta y atenci\u00f3n a las demandas de la sociedad, con un mejor servicio p\u00fablico de administraci\u00f3n de justicia. Para lograrlo se necesita calidad en el desempe\u00f1o de la judicatura, evaluando el trato respetuoso, atento y solidario de jueces y magistrados y de todo servidor del Poder Judicial hacia los justiciables y p\u00fablico en general\u201d dijo.<\/p>\n\n\n\n<figure class=\"wp-block-image size-large\"><img loading=\"lazy\" decoding=\"async\" width=\"1024\" height=\"684\" src=\"https:\/\/fdnoaxaca.net\/wp-content\/uploads\/2026\/03\/Constata-Salomon-Jara-entrada-en-vigor-de-la-primera-Visitaduria-del-Organo-de-Evaluacion-Judicial-del-pais_-esta-en-Oaxaca-3-1024x684.jpeg\" alt=\"\" class=\"wp-image-19192\" srcset=\"https:\/\/fdnoaxaca.net\/wp-content\/uploads\/2026\/03\/Constata-Salomon-Jara-entrada-en-vigor-de-la-primera-Visitaduria-del-Organo-de-Evaluacion-Judicial-del-pais_-esta-en-Oaxaca-3-1024x684.jpeg 1024w, https:\/\/fdnoaxaca.net\/wp-content\/uploads\/2026\/03\/Constata-Salomon-Jara-entrada-en-vigor-de-la-primera-Visitaduria-del-Organo-de-Evaluacion-Judicial-del-pais_-esta-en-Oaxaca-3-300x200.jpeg 300w, https:\/\/fdnoaxaca.net\/wp-content\/uploads\/2026\/03\/Constata-Salomon-Jara-entrada-en-vigor-de-la-primera-Visitaduria-del-Organo-de-Evaluacion-Judicial-del-pais_-esta-en-Oaxaca-3-768x513.jpeg 768w, https:\/\/fdnoaxaca.net\/wp-content\/uploads\/2026\/03\/Constata-Salomon-Jara-entrada-en-vigor-de-la-primera-Visitaduria-del-Organo-de-Evaluacion-Judicial-del-pais_-esta-en-Oaxaca-3-1536x1025.jpeg 1536w, https:\/\/fdnoaxaca.net\/wp-content\/uploads\/2026\/03\/Constata-Salomon-Jara-entrada-en-vigor-de-la-primera-Visitaduria-del-Organo-de-Evaluacion-Judicial-del-pais_-esta-en-Oaxaca-3-600x400.jpeg 600w, https:\/\/fdnoaxaca.net\/wp-content\/uploads\/2026\/03\/Constata-Salomon-Jara-entrada-en-vigor-de-la-primera-Visitaduria-del-Organo-de-Evaluacion-Judicial-del-pais_-esta-en-Oaxaca-3-272x182.jpeg 272w, https:\/\/fdnoaxaca.net\/wp-content\/uploads\/2026\/03\/Constata-Salomon-Jara-entrada-en-vigor-de-la-primera-Visitaduria-del-Organo-de-Evaluacion-Judicial-del-pais_-esta-en-Oaxaca-3.jpeg 1600w\" sizes=\"auto, (max-width: 1024px) 100vw, 1024px\" \/><\/figure>\n\n\n\n<p>Inform\u00f3 que, adem\u00e1s, se instalar\u00e1n m\u00e1s organismos de esta \u00edndole en otras entidades federativas como Chiapas, Puebla, Quintana Roo, Tabasco, Veracruz y Yucat\u00e1n.&nbsp;<\/p>\n\n\n\n<p>Por su parte, el gobernador Salom\u00f3n Jara Cruz opin\u00f3 que, con esta instituci\u00f3n, el ejercicio del Poder Judicial se fortalece mediante la evaluaci\u00f3n, supervisi\u00f3n y escrutinio institucional basado en \u00e9tica.<\/p>\n\n\n\n<p>\u201cLa inauguraci\u00f3n de estas visitadur\u00edas regionales no es un acto menor, es un paso fundamental en la construcci\u00f3n de un andamiaje m\u00e1s fuerte y de un M\u00e9xico m\u00e1s justo y democr\u00e1tico. Creemos en un Poder Judicial independiente pero tambi\u00e9n en un Poder Judicial popular y \u00e9ticamente responsable\u201d, consider\u00f3.<\/p>\n\n\n\n<p>Durante la apertura, se tom\u00f3 protesta a Adriana Alejandra Ramos Le\u00f3n, quien ser\u00e1 la titular de este organismo en la entidad oaxaque\u00f1a.&nbsp;<\/p>\n\n\n\n<figure class=\"wp-block-image size-large\"><img loading=\"lazy\" decoding=\"async\" width=\"1024\" height=\"683\" src=\"https:\/\/fdnoaxaca.net\/wp-content\/uploads\/2026\/03\/Constata-Salomon-Jara-entrada-en-vigor-de-la-primera-Visitaduria-del-Organo-de-Evaluacion-Judicial-del-pais_-esta-en-Oaxaca-2-1-1024x683.jpeg\" alt=\"\" class=\"wp-image-19195\" srcset=\"https:\/\/fdnoaxaca.net\/wp-content\/uploads\/2026\/03\/Constata-Salomon-Jara-entrada-en-vigor-de-la-primera-Visitaduria-del-Organo-de-Evaluacion-Judicial-del-pais_-esta-en-Oaxaca-2-1-1024x683.jpeg 1024w, https:\/\/fdnoaxaca.net\/wp-content\/uploads\/2026\/03\/Constata-Salomon-Jara-entrada-en-vigor-de-la-primera-Visitaduria-del-Organo-de-Evaluacion-Judicial-del-pais_-esta-en-Oaxaca-2-1-300x200.jpeg 300w, https:\/\/fdnoaxaca.net\/wp-content\/uploads\/2026\/03\/Constata-Salomon-Jara-entrada-en-vigor-de-la-primera-Visitaduria-del-Organo-de-Evaluacion-Judicial-del-pais_-esta-en-Oaxaca-2-1-768x512.jpeg 768w, https:\/\/fdnoaxaca.net\/wp-content\/uploads\/2026\/03\/Constata-Salomon-Jara-entrada-en-vigor-de-la-primera-Visitaduria-del-Organo-de-Evaluacion-Judicial-del-pais_-esta-en-Oaxaca-2-1-600x400.jpeg 600w, https:\/\/fdnoaxaca.net\/wp-content\/uploads\/2026\/03\/Constata-Salomon-Jara-entrada-en-vigor-de-la-primera-Visitaduria-del-Organo-de-Evaluacion-Judicial-del-pais_-esta-en-Oaxaca-2-1-272x182.jpeg 272w, https:\/\/fdnoaxaca.net\/wp-content\/uploads\/2026\/03\/Constata-Salomon-Jara-entrada-en-vigor-de-la-primera-Visitaduria-del-Organo-de-Evaluacion-Judicial-del-pais_-esta-en-Oaxaca-2-1.jpeg 1280w\" sizes=\"auto, (max-width: 1024px) 100vw, 1024px\" \/><\/figure>\n","protected":false},"excerpt":{"rendered":"<p>Oaxaca de Ju\u00e1rez, Oax. 20 de marzo de 2026.-\u00a0Fue inaugurada la Visitadur\u00eda Regional del Sureste del \u00d3rgano de Evaluaci\u00f3n del Desempe\u00f1o Judicial, la cual tiene como primera sede en el pa\u00eds al estado de Oaxaca. La presidente del Tribunal de Disciplina Judicial del Poder Judicial de la Federaci\u00f3n, Celia Maya Garc\u00eda, detall\u00f3 que este ente&#8230;<\/p>\n","protected":false},"author":4,"featured_media":19194,"comment_status":"closed","ping_status":"closed","sticky":false,"template":"","format":"standard","meta":{"footnotes":""},"categories":[56,49],"tags":[],"class_list":["post-19191","post","type-post","status-publish","format-standard","has-post-thumbnail","hentry","category-nacional","category-titulares"],"_links":{"self":[{"href":"https:\/\/fdnoaxaca.net\/index.php\/wp-json\/wp\/v2\/posts\/19191","targetHints":{"allow":["GET"]}}],"collection":[{"href":"https:\/\/fdnoaxaca.net\/index.php\/wp-json\/wp\/v2\/posts"}],"about":[{"href":"https:\/\/fdnoaxaca.net\/index.php\/wp-json\/wp\/v2\/types\/post"}],"author":[{"embeddable":true,"href":"https:\/\/fdnoaxaca.net\/index.php\/wp-json\/wp\/v2\/users\/4"}],"replies":[{"embeddable":true,"href":"https:\/\/fdnoaxaca.net\/index.php\/wp-json\/wp\/v2\/comments?post=19191"}],"version-history":[{"count":1,"href":"https:\/\/fdnoaxaca.net\/index.php\/wp-json\/wp\/v2\/posts\/19191\/revisions"}],"predecessor-version":[{"id":19196,"href":"https:\/\/fdnoaxaca.net\/index.php\/wp-json\/wp\/v2\/posts\/19191\/revisions\/19196"}],"wp:featuredmedia":[{"embeddable":true,"href":"https:\/\/fdnoaxaca.net\/index.php\/wp-json\/wp\/v2\/media\/19194"}],"wp:attachment":[{"href":"https:\/\/fdnoaxaca.net\/index.php\/wp-json\/wp\/v2\/media?parent=19191"}],"wp:term":[{"taxonomy":"category","embeddable":true,"href":"https:\/\/fdnoaxaca.net\/index.php\/wp-json\/wp\/v2\/categories?post=19191"},{"taxonomy":"post_tag","embeddable":true,"href":"https:\/\/fdnoaxaca.net\/index.php\/wp-json\/wp\/v2\/tags?post=19191"}],"curies":[{"name":"wp","href":"https:\/\/api.w.org\/{rel}","templated":true}]}}