{"id":19197,"date":"2026-03-20T21:41:26","date_gmt":"2026-03-21T02:41:26","guid":{"rendered":"https:\/\/fdnoaxaca.net\/?p=19197"},"modified":"2026-03-20T21:41:28","modified_gmt":"2026-03-21T02:41:28","slug":"posiciona-a-oaxaca-encuentro-internacional-de-dialogo-juridico-penal","status":"publish","type":"post","link":"https:\/\/fdnoaxaca.net\/index.php\/2026\/03\/20\/posiciona-a-oaxaca-encuentro-internacional-de-dialogo-juridico-penal\/","title":{"rendered":"Posiciona a Oaxaca encuentro internacional de di\u00e1logo jur\u00eddico penal"},"content":{"rendered":"\n<p>*La edici\u00f3n 20 de la Reuni\u00f3n Internacional de Abogados Penalistas permiti\u00f3 el intercambio acad\u00e9mico y el an\u00e1lisis de los desaf\u00edos actuales del sistema de justicia.<\/p>\n\n\n\n<p>Oaxaca, Oax., 20 de marzo de 2026.- La titular del Poder Judicial del Estado, magistrada Erika Mar\u00eda Rodr\u00edguez Rodr\u00edguez, clausur\u00f3 el fin de semana pasado los trabajos de la edici\u00f3n 20 de la Reuni\u00f3n Internacional de Abogados Penalistas, realizada durante tres d\u00edas con la participaci\u00f3n de cerca de dos mil 800 especialistas en derecho penal y que posicion\u00f3 a Oaxaca como punto de encuentro del pensamiento penal contempor\u00e1neo.<\/p>\n\n\n\n<p>En su mensaje destac\u00f3 que este encuentro permiti\u00f3 fortalecer el di\u00e1logo acad\u00e9mico y el intercambio de ideas para seguir construyendo sistemas de justicia m\u00e1s s\u00f3lidos y acordes con las exigencias de nuestro tiempo.<\/p>\n\n\n\n<p>La conferencia de clausura estuvo a cargo del ministro presidente de la Suprema Corte de Justicia de la Naci\u00f3n, Hugo Aguilar Ortiz, quien comparti\u00f3 reflexiones sobre el pluralismo jur\u00eddico y los desaf\u00edos de la justicia en un pa\u00eds caracterizado por su diversidad cultural y normativa.<\/p>\n\n\n\n<p>Durante este encuentro internacional, juristas, acad\u00e9micos y operadores del sistema de justicia participaron en conferencias y mesas de an\u00e1lisis centradas en cinco ejes tem\u00e1ticos orientados al fortalecimiento del pensamiento jur\u00eddico, la pr\u00e1ctica institucional y la defensa de los derechos ciudadanos. La siguiente edici\u00f3n del encuentro tendr\u00e1 como sede Buenos Aires, Argentina.<\/p>\n\n\n\n<p>En la edici\u00f3n celebrada en Oaxaca, participaron m\u00e1s de mil especialistas del \u00e1mbito jur\u00eddico nacional e internacional, acad\u00e9micos, litigantes, operadores del sistema de justicia y estudiantes, provenientes de distintos estados del pa\u00eds y de naciones como Chile, Argentina, Per\u00fa, Colombia, Italia y Espa\u00f1a.<\/p>\n","protected":false},"excerpt":{"rendered":"<p>*La edici\u00f3n 20 de la Reuni\u00f3n Internacional de Abogados Penalistas permiti\u00f3 el intercambio acad\u00e9mico y el an\u00e1lisis de los desaf\u00edos actuales del sistema de justicia. Oaxaca, Oax., 20 de marzo de 2026.- La titular del Poder Judicial del Estado, magistrada Erika Mar\u00eda Rodr\u00edguez Rodr\u00edguez, clausur\u00f3 el fin de semana pasado los trabajos de la edici\u00f3n&#8230;<\/p>\n","protected":false},"author":4,"featured_media":19198,"comment_status":"closed","ping_status":"closed","sticky":false,"template":"","format":"standard","meta":{"footnotes":""},"categories":[4],"tags":[],"class_list":["post-19197","post","type-post","status-publish","format-standard","has-post-thumbnail","hentry","category-general"],"_links":{"self":[{"href":"https:\/\/fdnoaxaca.net\/index.php\/wp-json\/wp\/v2\/posts\/19197","targetHints":{"allow":["GET"]}}],"collection":[{"href":"https:\/\/fdnoaxaca.net\/index.php\/wp-json\/wp\/v2\/posts"}],"about":[{"href":"https:\/\/fdnoaxaca.net\/index.php\/wp-json\/wp\/v2\/types\/post"}],"author":[{"embeddable":true,"href":"https:\/\/fdnoaxaca.net\/index.php\/wp-json\/wp\/v2\/users\/4"}],"replies":[{"embeddable":true,"href":"https:\/\/fdnoaxaca.net\/index.php\/wp-json\/wp\/v2\/comments?post=19197"}],"version-history":[{"count":1,"href":"https:\/\/fdnoaxaca.net\/index.php\/wp-json\/wp\/v2\/posts\/19197\/revisions"}],"predecessor-version":[{"id":19199,"href":"https:\/\/fdnoaxaca.net\/index.php\/wp-json\/wp\/v2\/posts\/19197\/revisions\/19199"}],"wp:featuredmedia":[{"embeddable":true,"href":"https:\/\/fdnoaxaca.net\/index.php\/wp-json\/wp\/v2\/media\/19198"}],"wp:attachment":[{"href":"https:\/\/fdnoaxaca.net\/index.php\/wp-json\/wp\/v2\/media?parent=19197"}],"wp:term":[{"taxonomy":"category","embeddable":true,"href":"https:\/\/fdnoaxaca.net\/index.php\/wp-json\/wp\/v2\/categories?post=19197"},{"taxonomy":"post_tag","embeddable":true,"href":"https:\/\/fdnoaxaca.net\/index.php\/wp-json\/wp\/v2\/tags?post=19197"}],"curies":[{"name":"wp","href":"https:\/\/api.w.org\/{rel}","templated":true}]}}