{"id":19230,"date":"2026-03-23T13:15:41","date_gmt":"2026-03-23T18:15:41","guid":{"rendered":"https:\/\/fdnoaxaca.net\/?p=19230"},"modified":"2026-03-23T13:15:42","modified_gmt":"2026-03-23T18:15:42","slug":"migracion-causa-que-detono-la-violencia-en-juchitan-senala-gobernador-de-oaxaca","status":"publish","type":"post","link":"https:\/\/fdnoaxaca.net\/index.php\/2026\/03\/23\/migracion-causa-que-detono-la-violencia-en-juchitan-senala-gobernador-de-oaxaca\/","title":{"rendered":"\u201cMigraci\u00f3n, causa que deton\u00f3 la violencia en Juchit\u00e1n\u201d, se\u00f1ala Gobernador de Oaxaca"},"content":{"rendered":"\n<p>Oaxaca, Oax., 23 de marzo de 2026.- Ante el aumento de la inseguridad y violencia en Juchit\u00e1n, municipio de la regi\u00f3n del Istmo de Tehuantepec, el gobernador de Oaxaca, Salom\u00f3n Jara Cruz, atribuy\u00f3 a la migraci\u00f3n como una de las causas.<\/p>\n\n\n\n<p>Este lunes en su conferencia de prensa, declar\u00f3 que lo que deton\u00f3 el incremento de hechos delictivos como la extorsi\u00f3n y cobro de piso presuntamente es la llegada de habitantes de distintos pa\u00edses de Centroam\u00e9rica.<\/p>\n\n\n\n<p>\u201cHay causas que tienen que ver mucho con esto, pero lo que deton\u00f3 esto es la migraci\u00f3n que ven\u00eda de la parte de Centroam\u00e9rica, y que estuvieron un buen rato all\u00e1 en Juchit\u00e1n y el Istmo de Tehuantepec, y se generaron condiciones econ\u00f3micas que la parte de la delincuencia organizada estaba construyendo\u201d, se\u00f1al\u00f3.<\/p>\n\n\n\n<p>\u201cY al irse, pues ahora se est\u00e1n refugiando, o trabajando, o haciendo acciones que afectan mucho la vida de la comunidad como es la extorsi\u00f3n, el cobro de piso\u201d, declar\u00f3.<\/p>\n\n\n\n<p>El titular del Poder Ejecutivo asegur\u00f3 que est\u00e1n en un nuevo proceso de operaci\u00f3n en materia de seguridad, \u201cya no abandonaremos nuestras acciones en la parte del Istmo.<\/p>\n\n\n\n<p>Y respecto a los resultados del operativo especial implementado en la regi\u00f3n, inform\u00f3 que hasta el momento 136 personas han sido detenidas. Dichas personas arrestadas son consideradas por las autoridades miembros de redes criminales con c\u00e9lulas delictivas en los municipios de Juchit\u00e1n, Ciudad Ixtepec, Santa Mar\u00eda Xadani, Salina Cruz, Mixtequilla, Tehuantepec y Jalapa del Marqu\u00e9s.<\/p>\n","protected":false},"excerpt":{"rendered":"<p>Oaxaca, Oax., 23 de marzo de 2026.- Ante el aumento de la inseguridad y violencia en Juchit\u00e1n, municipio de la regi\u00f3n del Istmo de Tehuantepec, el gobernador de Oaxaca, Salom\u00f3n Jara Cruz, atribuy\u00f3 a la migraci\u00f3n como una de las causas. Este lunes en su conferencia de prensa, declar\u00f3 que lo que deton\u00f3 el incremento&#8230;<\/p>\n","protected":false},"author":4,"featured_media":18878,"comment_status":"closed","ping_status":"closed","sticky":false,"template":"","format":"standard","meta":{"footnotes":""},"categories":[49],"tags":[],"class_list":["post-19230","post","type-post","status-publish","format-standard","has-post-thumbnail","hentry","category-titulares"],"_links":{"self":[{"href":"https:\/\/fdnoaxaca.net\/index.php\/wp-json\/wp\/v2\/posts\/19230","targetHints":{"allow":["GET"]}}],"collection":[{"href":"https:\/\/fdnoaxaca.net\/index.php\/wp-json\/wp\/v2\/posts"}],"about":[{"href":"https:\/\/fdnoaxaca.net\/index.php\/wp-json\/wp\/v2\/types\/post"}],"author":[{"embeddable":true,"href":"https:\/\/fdnoaxaca.net\/index.php\/wp-json\/wp\/v2\/users\/4"}],"replies":[{"embeddable":true,"href":"https:\/\/fdnoaxaca.net\/index.php\/wp-json\/wp\/v2\/comments?post=19230"}],"version-history":[{"count":1,"href":"https:\/\/fdnoaxaca.net\/index.php\/wp-json\/wp\/v2\/posts\/19230\/revisions"}],"predecessor-version":[{"id":19231,"href":"https:\/\/fdnoaxaca.net\/index.php\/wp-json\/wp\/v2\/posts\/19230\/revisions\/19231"}],"wp:featuredmedia":[{"embeddable":true,"href":"https:\/\/fdnoaxaca.net\/index.php\/wp-json\/wp\/v2\/media\/18878"}],"wp:attachment":[{"href":"https:\/\/fdnoaxaca.net\/index.php\/wp-json\/wp\/v2\/media?parent=19230"}],"wp:term":[{"taxonomy":"category","embeddable":true,"href":"https:\/\/fdnoaxaca.net\/index.php\/wp-json\/wp\/v2\/categories?post=19230"},{"taxonomy":"post_tag","embeddable":true,"href":"https:\/\/fdnoaxaca.net\/index.php\/wp-json\/wp\/v2\/tags?post=19230"}],"curies":[{"name":"wp","href":"https:\/\/api.w.org\/{rel}","templated":true}]}}