{"id":19232,"date":"2026-03-23T13:47:10","date_gmt":"2026-03-23T18:47:10","guid":{"rendered":"https:\/\/fdnoaxaca.net\/?p=19232"},"modified":"2026-03-23T13:47:11","modified_gmt":"2026-03-23T18:47:11","slug":"juchitan-no-se-pudrio-hoy-pero-quien-pone-orden","status":"publish","type":"post","link":"https:\/\/fdnoaxaca.net\/index.php\/2026\/03\/23\/juchitan-no-se-pudrio-hoy-pero-quien-pone-orden\/","title":{"rendered":"Juchit\u00e1n no se pudri\u00f3 hoy\u2026 \u00bfpero qui\u00e9n pone orden?"},"content":{"rendered":"\n<p>Ismael Garc\u00eda M.\/Zona Roja.<\/p>\n\n\n\n<p>Oaxaca, Oax., 23 de marzo de 2026.- Efectivamente, Juchit\u00e1n de Zaragoza tiene casi una d\u00e9cada de podrido. Pero nadie hace algo para sanarla. Gobiernos priistas, perredistas y morenistas van y vienen y la violencia escala de manera incre\u00edble.<\/p>\n\n\n\n<p>Tan in\u00e9dita que el fin de semana hubo al menos tres ejecuciones de personas en ese municipio conurbado a Santo Domingo Tehuantepec, durante la estancia de la Presidenta Claudia Sheinbaum en Oaxaca.<\/p>\n\n\n\n<p>Alejandro Murat Hinojosa fue directo: el crimen organizado lo ten\u00eda&nbsp; Emilio Montero P\u00e9rez en su propio Cabildo, en ese entonces presidente municipal y hoy director del IEEPO.&nbsp;<\/p>\n\n\n\n<p>Pero el entonces gobernador jam\u00e1s hizo otra cosa m\u00e1s que acciones medi\u00e1ticas \u2014como sucede actualmente\u2014; el ahora senador morenista ni aclar\u00f3 ni ofreci\u00f3 disculpas a su hoy compa\u00f1ero de la llamada Cuarta Transformaci\u00f3n por las graves acusaciones.<\/p>\n\n\n\n<p>Ayer con Gloria S\u00e1nchez L\u00f3pez y Emilio Montero; hoy con Miguel S\u00e1nchez Altamirano, todos ahora morenistas, el crimen organizado se mantiene enraizado y nadie, absolutamente nadie, se preocupa o se preocup\u00f3 por garantizar la seguridad de la poblaci\u00f3n juchiteca.<\/p>\n\n\n\n<p>Los resultados est\u00e1n a la vista y en las dos \u00faltimas semanas no hay d\u00eda en que no se haya registrado un asesinato a la luz del d\u00eda o incluso en pleno centro de la otrora heroica ciudad.&nbsp;<\/p>\n\n\n\n<p>Qu\u00e9 decir del llamado cobro de piso o extorsiones a comercios, que un d\u00eda s\u00ed y el otro tambi\u00e9n, son amenazados con disparos de armas de fuego; muchos negocios han tenido que cerrar sus puertas. Y nadie hace algo.<\/p>\n\n\n\n<p><strong>MURAT Y CIRCO<\/strong><\/p>\n\n\n\n<p>\u201cBasta observar c\u00f3mo municipios como Juchit\u00e1n, en su Cabido, tienen nombres de capos de la mafia\u201d, dijo Murat al micr\u00f3fono en un evento p\u00fabico del Partido Revolucionario Institucional (PRI).<\/p>\n\n\n\n<p>Fue el 10 de febrero de 2022 en que Alejandro Murat lo grit\u00f3 a todo pulm\u00f3n ante miles de personas; las palabras fueron transmitidas tambi\u00e9n por diversas plataformas de redes sociales.<\/p>\n\n\n\n<p>Al d\u00eda siguiente, el entonces edil Emilio Montero pidi\u00f3 que el mandatario priista aclarara el se\u00f1alamiento: el gobernador \u00abno es ajeno al derecho constitucional, y por lo tanto, sabe que acusaciones de esa naturaleza deben ser puestas ante la autoridad competente, para que inicie las investigaciones correspondientes\u201d. Pero no lo tomaron en cuenta.<\/p>\n\n\n\n<p>Pese a esas graves acusaciones Alejandro Murat no hizo otra cosa m\u00e1s que circo y teatro: el 2 de junio de 2018, en los albores de su sexenio, asesinaron a tres personas, Pamela Ter\u00e1n, su chofer Adelfo Guerra y la fotoperiodista Mar\u00eda del Sol Cruz Jarqu\u00edn.<\/p>\n\n\n\n<p>Todo apuntaba ya al crimen organizado; la respuesta del entonces gobernador priista fue hacer un acto p\u00fablico con cientos de polic\u00edas, con fotograf\u00edas y videos, para decir que toda la fuerza del Estado, encabezada por el entonces fiscal Rub\u00e9n Vasconcelos M\u00e9ndez, se instalar\u00eda en Juchit\u00e1n para evitar m\u00e1s violencia. \u00bfY qu\u00e9 pas\u00f3? Nada.<\/p>\n\n\n\n<p>La violencia criminal se fue enraizando m\u00e1s y m\u00e1s y la situaci\u00f3n ha escalado en el actual sexenio que encabeza Salom\u00f3n Jara Cruz, de Morena.<\/p>\n\n\n\n<p><strong>TODO SIGUE IGUAL<\/strong><\/p>\n\n\n\n<p>Un d\u00eda matan a una mujer, otro d\u00eda a un mototaxista, otro a un repartidor en motocicleta o a un taxista. As\u00ed ha sido todos los d\u00edas.<\/p>\n\n\n\n<p>Desde el 2017 gobernaba el grupo delictivo del Cartel de Juchit\u00e1n, con Juan Ter\u00e1n Regalado, hoy preso aunque con concesiones; de ah\u00ed habr\u00eda varias derivaciones.<\/p>\n\n\n\n<p>Actualmente el \u201cComandante Cromo\u201d, seg\u00fan la Fiscal\u00eda General del Estado de Oaxaca es el que genera el mayor n\u00famero de actos criminales; lo han desarticulado pero no pueden aprehender al o los cabecillas.<\/p>\n\n\n\n<p>El a\u00f1o pasado, la Fiscal\u00eda General, con instituciones estatales y federales, implemento la \u201cOperaci\u00f3n Sable\u201d, para capturar a los cabecillas y desmantelar a la organizaci\u00f3n criminal; a la fecha llevan m\u00e1s de 130 detenciones.<\/p>\n\n\n\n<p>En ese entonces se anunci\u00f3 el refuerzo de las acciones de seguridad en Juchit\u00e1n y en el Istmo.<\/p>\n\n\n\n<p>Pero la escalada violenta no ces\u00f3 y en junio de 2025, de nuevo llenaron la regi\u00f3n con al menos mil uniformados.<\/p>\n\n\n\n<p>\u201cEsta acci\u00f3n es una respuesta institucional contundente a los actos de violencia desencadenados por las recientes detenciones para desarticular las estructuras de grupos delictivos que buscan provocar zozobra en la sociedad.<\/p>\n\n\n\n<p>\u201cLos trabajos de inteligencia criminal permiten focalizar los esfuerzos en puntos identificados como focos rojos en ese municipio, por la incidencia delictiva principalmente ligada con la comisi\u00f3n de extorsi\u00f3n, homicidios, secuestro y cobro de piso, entre otros\u201d, dio a conocer el gobierno en un comunicado.<\/p>\n\n\n\n<p>Tras ello, se requis\u00f3 el Centro de Control C2 de Juchit\u00e1n, donde detuvieron a dos personas, porque desde ah\u00ed operar\u00eda el crimen organizado; y las fuerzas estatales tomaron el control de la polic\u00eda municipal; suspendieron a todos para que pasaran los ex\u00e1menes de control de confianza\u2026 pero luego los reincorporaron. Todo sigui\u00f3 igual.<\/p>\n\n\n\n<p>Las autoridades, por supuesto, no han aceptado que c\u00e1rteles de manufactura nacional ya est\u00e9n presentes en el estado, desde hace algunos a\u00f1os.<\/p>\n\n\n\n<p>Pero la realidad lo demostr\u00f3 el pasado domingo 22 de febrero, con la captura y posterior muerte de Nemesio Oseguera, alias \u201cEl Mencho\u201d, que desat\u00f3 una ola de bloqueos y ataques armados en una veintena de entidades del pa\u00eds.<\/p>\n\n\n\n<p>Y Oaxaca no estuvo exento: de manera casi quir\u00fargica y organizada, los grupos delictivos, presuntamente del C\u00e1rtel Jalisco Nueva Generaci\u00f3n, se movilizaron en tres municipios istme\u00f1os para desestabilizar, bloquear, e incendiar al menos 14 unidades de motor.<\/p>\n\n\n\n<p>La respuesta institucional inmediata fue la detenci\u00f3n de varios de los generadores de violencia y la instalaci\u00f3n de al menos mil uniformados \u2014otra vez\u2014, estatales y nacionales, en la regi\u00f3n del Istmo, pero principalmente Juchit\u00e1n.<\/p>\n\n\n\n<p>Pero los cr\u00edmenes, por el contrario, se intensificaron desde esa fecha, en que han baleado una veintena de comercios y han asesinado a una docena de personas.<\/p>\n\n\n\n<p><strong>\u00bfQUI\u00c9N MANDA?<\/strong><\/p>\n\n\n\n<p>Est\u00e1 visto que quien manda en la regi\u00f3n del Istmo y tiene su guarida en Juchit\u00e1n es el crimen organizado. Apenas la noche de ayer domingo, un en\u00e9simo ataque armado, con saldo de dos lesionados.<\/p>\n\n\n\n<p>Y lo incre\u00edble es que en plena visita de la Presidenta Claudia Sheinbaum a Oaxaca, se registraron al menos tres ejecuciones y dos tiroteos a comercios.&nbsp;<\/p>\n\n\n\n<p>Peor a\u00fan porque el viernes, el Gabinete de Seguridad sesion\u00f3 en Tehuantepec, para prever il\u00edcitos durante la gira presidencial.<\/p>\n\n\n\n<p>\u00bfEn d\u00f3nde est\u00e1 el nuevo secretario de Seguridad y Protecci\u00f3n Ciudadana, el marino F\u00e9lix Quiroz? Porque contra la delincuencia, no se le ha visto.&nbsp;<\/p>\n\n\n\n<p>Pero s\u00ed en la represi\u00f3n de las protestas sociales y acumula dos casos en menos de un mes, uno en el Istmo y otro en la capital, contra padres de familia y contra ind\u00edgenas, respectivamente.<\/p>\n\n\n\n<p>\u00bfTienen utilidad las Mesas de Seguridad que pr\u00e1cticamente todos los d\u00edas encabeza el mandatario estatal? Porque por lo menos en resultados, no se ve.<\/p>\n\n\n\n<p>\u00bfY qui\u00e9n manda realmente en el Gabinete de Seguridad de Oaxaca? Porque est\u00e1 visto que sus acciones ni son visibles ni son contundentes.<\/p>\n\n\n\n<p>S\u00ed, efectivamente, por parte de la Fiscal\u00eda General hay constantes operativos contra narcomenudistas; hay detenciones pr\u00e1cticamente todos los d\u00edas; pero su principal funci\u00f3n es la procuraci\u00f3n de justicia.<\/p>\n\n\n\n<p>Y nada se ve de la Secretar\u00eda de Seguridad, que opta, desde hace muchos a\u00f1os, por acciones reactivas, antes que preventivas. Ni siquiera con segundo titular al mando, ambos marinos, por cierto.<\/p>\n\n\n\n<p>Esta ma\u00f1ana de lunes, se habl\u00f3 de nuevo de las estrategias de seguridad, pero lo hizo el secretario de Gobierno, Jes\u00fas Romero, no el de seguridad. Y los argumentos, los mismos: se reforzar\u00e1 la vigilancia, no habr\u00e1 estado de excepci\u00f3n, hemos desmantelado, hay detenciones\u2026<\/p>\n\n\n\n<p>\u00bfY cu\u00e1ndo el edil morenista Miguel S\u00e1nchez Altamirano se decidir\u00e1 a proteger a los juchitecos de la grave inseguridad? \u00bfCu\u00e1ndo se decidir\u00e1 el Estado a poner orden y a combatir, ahora s\u00ed, al crimen organizado en el Istmo y dem\u00e1s regiones? Preguntas sin respuestas a\u00fan.<\/p>\n","protected":false},"excerpt":{"rendered":"<p>Ismael Garc\u00eda M.\/Zona Roja. Oaxaca, Oax., 23 de marzo de 2026.- Efectivamente, Juchit\u00e1n de Zaragoza tiene casi una d\u00e9cada de podrido. Pero nadie hace algo para sanarla. Gobiernos priistas, perredistas y morenistas van y vienen y la violencia escala de manera incre\u00edble. Tan in\u00e9dita que el fin de semana hubo al menos tres ejecuciones de&#8230;<\/p>\n","protected":false},"author":4,"featured_media":19233,"comment_status":"closed","ping_status":"closed","sticky":false,"template":"","format":"standard","meta":{"footnotes":""},"categories":[51,49],"tags":[],"class_list":["post-19232","post","type-post","status-publish","format-standard","has-post-thumbnail","hentry","category-perspectiva","category-titulares"],"_links":{"self":[{"href":"https:\/\/fdnoaxaca.net\/index.php\/wp-json\/wp\/v2\/posts\/19232","targetHints":{"allow":["GET"]}}],"collection":[{"href":"https:\/\/fdnoaxaca.net\/index.php\/wp-json\/wp\/v2\/posts"}],"about":[{"href":"https:\/\/fdnoaxaca.net\/index.php\/wp-json\/wp\/v2\/types\/post"}],"author":[{"embeddable":true,"href":"https:\/\/fdnoaxaca.net\/index.php\/wp-json\/wp\/v2\/users\/4"}],"replies":[{"embeddable":true,"href":"https:\/\/fdnoaxaca.net\/index.php\/wp-json\/wp\/v2\/comments?post=19232"}],"version-history":[{"count":1,"href":"https:\/\/fdnoaxaca.net\/index.php\/wp-json\/wp\/v2\/posts\/19232\/revisions"}],"predecessor-version":[{"id":19234,"href":"https:\/\/fdnoaxaca.net\/index.php\/wp-json\/wp\/v2\/posts\/19232\/revisions\/19234"}],"wp:featuredmedia":[{"embeddable":true,"href":"https:\/\/fdnoaxaca.net\/index.php\/wp-json\/wp\/v2\/media\/19233"}],"wp:attachment":[{"href":"https:\/\/fdnoaxaca.net\/index.php\/wp-json\/wp\/v2\/media?parent=19232"}],"wp:term":[{"taxonomy":"category","embeddable":true,"href":"https:\/\/fdnoaxaca.net\/index.php\/wp-json\/wp\/v2\/categories?post=19232"},{"taxonomy":"post_tag","embeddable":true,"href":"https:\/\/fdnoaxaca.net\/index.php\/wp-json\/wp\/v2\/tags?post=19232"}],"curies":[{"name":"wp","href":"https:\/\/api.w.org\/{rel}","templated":true}]}}