{"id":19235,"date":"2026-03-23T14:53:27","date_gmt":"2026-03-23T19:53:27","guid":{"rendered":"https:\/\/fdnoaxaca.net\/?p=19235"},"modified":"2026-03-23T14:53:28","modified_gmt":"2026-03-23T19:53:28","slug":"declaran-al-turismo-comunitario-prioridad-de-estado-en-mexico","status":"publish","type":"post","link":"https:\/\/fdnoaxaca.net\/index.php\/2026\/03\/23\/declaran-al-turismo-comunitario-prioridad-de-estado-en-mexico\/","title":{"rendered":"Declaran al Turismo Comunitario prioridad de Estado en M\u00e9xico"},"content":{"rendered":"\n<p>Se crear\u00e1n inicialmente tres destinos tur\u00edsticos comunitarios: Maya Ka\u2019an, en Quintana Roo; el Camino del Mayab, en Yucat\u00e1n; y los Pueblos Mancomunados, en Oaxaca.<\/p>\n\n\n\n<p>Oaxaca, Oax., 23 de marzo de 2026.- Por decreto presidencial, a partir de este lunes 23 de marzo, el Turismo Comunitario es considerado como una actividad de inter\u00e9s p\u00fablico y de prioridad nacional, por el que se crear\u00e1n los Destinos Tur\u00edsticos Comunitarios (DTC).<\/p>\n\n\n\n<figure class=\"wp-block-image size-large\"><img loading=\"lazy\" decoding=\"async\" width=\"1024\" height=\"768\" src=\"https:\/\/fdnoaxaca.net\/wp-content\/uploads\/2026\/03\/WhatsApp-Image-2026-03-23-at-13.46.36-1024x768.jpeg\" alt=\"\" class=\"wp-image-19237\" srcset=\"https:\/\/fdnoaxaca.net\/wp-content\/uploads\/2026\/03\/WhatsApp-Image-2026-03-23-at-13.46.36-1024x768.jpeg 1024w, https:\/\/fdnoaxaca.net\/wp-content\/uploads\/2026\/03\/WhatsApp-Image-2026-03-23-at-13.46.36-300x225.jpeg 300w, https:\/\/fdnoaxaca.net\/wp-content\/uploads\/2026\/03\/WhatsApp-Image-2026-03-23-at-13.46.36-768x576.jpeg 768w, https:\/\/fdnoaxaca.net\/wp-content\/uploads\/2026\/03\/WhatsApp-Image-2026-03-23-at-13.46.36-1536x1152.jpeg 1536w, https:\/\/fdnoaxaca.net\/wp-content\/uploads\/2026\/03\/WhatsApp-Image-2026-03-23-at-13.46.36.jpeg 1600w\" sizes=\"auto, (max-width: 1024px) 100vw, 1024px\" \/><\/figure>\n\n\n\n<p>La presidente de M\u00e9xico, Claudia Sheinbaum Pardo, destac\u00f3 que el turismo para conocer realmente el pa\u00eds, es el turismo comunitario.<\/p>\n\n\n\n<p>\u201cY hoy lo primero que estamos haciendo es decir: existe el Turismo Comunitario y es necesario darle recursos para que pueda desarrollarse, darle promoci\u00f3n para que pueda llegar la gente, es el turismo de las comunidades\u201d, resalt\u00f3.<\/p>\n\n\n\n<figure class=\"wp-block-image size-large\"><img loading=\"lazy\" decoding=\"async\" width=\"1024\" height=\"768\" src=\"https:\/\/fdnoaxaca.net\/wp-content\/uploads\/2026\/03\/WhatsApp-Image-2026-03-23-at-13.46.22-1024x768.jpeg\" alt=\"\" class=\"wp-image-19238\" srcset=\"https:\/\/fdnoaxaca.net\/wp-content\/uploads\/2026\/03\/WhatsApp-Image-2026-03-23-at-13.46.22-1024x768.jpeg 1024w, https:\/\/fdnoaxaca.net\/wp-content\/uploads\/2026\/03\/WhatsApp-Image-2026-03-23-at-13.46.22-300x225.jpeg 300w, https:\/\/fdnoaxaca.net\/wp-content\/uploads\/2026\/03\/WhatsApp-Image-2026-03-23-at-13.46.22-768x576.jpeg 768w, https:\/\/fdnoaxaca.net\/wp-content\/uploads\/2026\/03\/WhatsApp-Image-2026-03-23-at-13.46.22-1536x1152.jpeg 1536w, https:\/\/fdnoaxaca.net\/wp-content\/uploads\/2026\/03\/WhatsApp-Image-2026-03-23-at-13.46.22.jpeg 1600w\" sizes=\"auto, (max-width: 1024px) 100vw, 1024px\" \/><\/figure>\n\n\n\n<p>El director general del Fondo de Fomento al Turismo (Fonatur), Sebasti\u00e1n Ram\u00edrez Mendoza, explic\u00f3 que se crear\u00e1n inicialmente tres Destinos Tur\u00edsticos Comunitarios: Maya Ka\u2019an, en Quintana Roo; el Camino del Mayab, en Yucat\u00e1n; y los Pueblos Mancomunados, en Oaxaca.<\/p>\n\n\n\n<p>\u201cAhora Fonatur cada a\u00f1o va a hacer una inversi\u00f3n de recursos para fortalecer el equipamiento y la infraestructura de Maya Ka\u2019an y poderlos consolidar como destino tur\u00edstico comunitario, tal como lo establece el Decreto\u201d.<\/p>\n\n\n\n<figure class=\"wp-block-image size-large\"><img loading=\"lazy\" decoding=\"async\" width=\"1024\" height=\"768\" src=\"https:\/\/fdnoaxaca.net\/wp-content\/uploads\/2026\/03\/WhatsApp-Image-2026-03-23-at-13.47.16-1024x768.jpeg\" alt=\"\" class=\"wp-image-19239\" srcset=\"https:\/\/fdnoaxaca.net\/wp-content\/uploads\/2026\/03\/WhatsApp-Image-2026-03-23-at-13.47.16-1024x768.jpeg 1024w, https:\/\/fdnoaxaca.net\/wp-content\/uploads\/2026\/03\/WhatsApp-Image-2026-03-23-at-13.47.16-300x225.jpeg 300w, https:\/\/fdnoaxaca.net\/wp-content\/uploads\/2026\/03\/WhatsApp-Image-2026-03-23-at-13.47.16-768x576.jpeg 768w, https:\/\/fdnoaxaca.net\/wp-content\/uploads\/2026\/03\/WhatsApp-Image-2026-03-23-at-13.47.16-1536x1152.jpeg 1536w, https:\/\/fdnoaxaca.net\/wp-content\/uploads\/2026\/03\/WhatsApp-Image-2026-03-23-at-13.47.16.jpeg 1600w\" sizes=\"auto, (max-width: 1024px) 100vw, 1024px\" \/><\/figure>\n\n\n\n<p>Con tal decreto, el Estado planear\u00e1, conducir\u00e1 y orientar\u00e1 la actividad econ\u00f3mica tur\u00edstica bajo criterios de equidad, a fin de que las comunidades decidan sobre el desarrollo de sus territorios.<\/p>\n\n\n\n<p>El decreto contempla la creaci\u00f3n de la Coordinaci\u00f3n Nacional para el Fomento del Turismo Comunitario, que presidir\u00e1 el Fonatur y estar\u00e1 integrada por representantes de las secretar\u00edas del Bienestar; Medio Ambiente y Recursos Naturales; Cultura; y Turismo, as\u00ed como la Procuradur\u00eda Agraria y el Instituto Nacional de los Pueblos Ind\u00edgenas (INPI), universidades y organizaciones de la sociedad civil.<\/p>\n","protected":false},"excerpt":{"rendered":"<p>Se crear\u00e1n inicialmente tres destinos tur\u00edsticos comunitarios: Maya Ka\u2019an, en Quintana Roo; el Camino del Mayab, en Yucat\u00e1n; y los Pueblos Mancomunados, en Oaxaca. Oaxaca, Oax., 23 de marzo de 2026.- Por decreto presidencial, a partir de este lunes 23 de marzo, el Turismo Comunitario es considerado como una actividad de inter\u00e9s p\u00fablico y de&#8230;<\/p>\n","protected":false},"author":4,"featured_media":19236,"comment_status":"closed","ping_status":"closed","sticky":false,"template":"","format":"standard","meta":{"footnotes":""},"categories":[57,56,49],"tags":[],"class_list":["post-19235","post","type-post","status-publish","format-standard","has-post-thumbnail","hentry","category-internacional","category-nacional","category-titulares"],"_links":{"self":[{"href":"https:\/\/fdnoaxaca.net\/index.php\/wp-json\/wp\/v2\/posts\/19235","targetHints":{"allow":["GET"]}}],"collection":[{"href":"https:\/\/fdnoaxaca.net\/index.php\/wp-json\/wp\/v2\/posts"}],"about":[{"href":"https:\/\/fdnoaxaca.net\/index.php\/wp-json\/wp\/v2\/types\/post"}],"author":[{"embeddable":true,"href":"https:\/\/fdnoaxaca.net\/index.php\/wp-json\/wp\/v2\/users\/4"}],"replies":[{"embeddable":true,"href":"https:\/\/fdnoaxaca.net\/index.php\/wp-json\/wp\/v2\/comments?post=19235"}],"version-history":[{"count":1,"href":"https:\/\/fdnoaxaca.net\/index.php\/wp-json\/wp\/v2\/posts\/19235\/revisions"}],"predecessor-version":[{"id":19240,"href":"https:\/\/fdnoaxaca.net\/index.php\/wp-json\/wp\/v2\/posts\/19235\/revisions\/19240"}],"wp:featuredmedia":[{"embeddable":true,"href":"https:\/\/fdnoaxaca.net\/index.php\/wp-json\/wp\/v2\/media\/19236"}],"wp:attachment":[{"href":"https:\/\/fdnoaxaca.net\/index.php\/wp-json\/wp\/v2\/media?parent=19235"}],"wp:term":[{"taxonomy":"category","embeddable":true,"href":"https:\/\/fdnoaxaca.net\/index.php\/wp-json\/wp\/v2\/categories?post=19235"},{"taxonomy":"post_tag","embeddable":true,"href":"https:\/\/fdnoaxaca.net\/index.php\/wp-json\/wp\/v2\/tags?post=19235"}],"curies":[{"name":"wp","href":"https:\/\/api.w.org\/{rel}","templated":true}]}}