{"id":19241,"date":"2026-03-23T22:36:57","date_gmt":"2026-03-24T03:36:57","guid":{"rendered":"https:\/\/fdnoaxaca.net\/?p=19241"},"modified":"2026-03-23T22:36:59","modified_gmt":"2026-03-24T03:36:59","slug":"fortalecen-ieepco-e-ine-oaxaca-coordinacion-institucional-rumbo-a-los-siguientes-procesos-electorales","status":"publish","type":"post","link":"https:\/\/fdnoaxaca.net\/index.php\/2026\/03\/23\/fortalecen-ieepco-e-ine-oaxaca-coordinacion-institucional-rumbo-a-los-siguientes-procesos-electorales\/","title":{"rendered":"Fortalecen IEEPCO e INE Oaxaca coordinaci\u00f3n institucional rumbo a los siguientes procesos electorales"},"content":{"rendered":"\n<p>Oaxaca, Oax., 23 de marzo de 2026.- Este lunes el Instituto Estatal Electoral y de Participaci\u00f3n Ciudadana de Oaxaca (IEEPCO) y la Junta Local Ejecutiva del Instituto Nacional Electoral (INE) en Oaxaca llevaron a cabo una primera reuni\u00f3n de trabajo con el objetivo de fortalecer la comunicaci\u00f3n, coordinaci\u00f3n y colaboraci\u00f3n interinstitucional.&nbsp;<\/p>\n\n\n\n<p>Durante el encuentro, la consejera presidente del IEEPCO, Elizabeth S\u00e1nchez Gonz\u00e1lez, agradeci\u00f3 la disposici\u00f3n para iniciar este di\u00e1logo en la construcci\u00f3n de rutas con miras a los pr\u00f3ximos procesos electorales.&nbsp;<\/p>\n\n\n\n<p>Por su parte, el encargado de despacho de la Vocal\u00eda Ejecutiva de la Junta Local del INE, Miguel \u00c1ngel Pati\u00f1o Arroyo, resalt\u00f3 la importancia de iniciar con los trabajos de planeaci\u00f3n de las actividades que se implementar\u00edan de manera conjunta, garantizando una articulaci\u00f3n institucional eficiente.<\/p>\n\n\n\n<p>En esta&nbsp; reuni\u00f3n participaron tambi\u00e9n las consejeras electorales Jessica Jazibe Hern\u00e1ndez Garc\u00eda, Zaira Alhel\u00ed Hip\u00f3lito L\u00f3pez, Ana Mar\u00eda M\u00e1rquez Andr\u00e9s y Gabriela Fernanda Espinoza Blancas; as\u00ed como de los consejeros electorales Alejandro Carrasco Sampedro y Manuel Cort\u00e9s Muriedas, el secretario ejecutivo, Graciano Alejandro Prats Rojas, titulares y encargadurias de las diferentes \u00e1reas que conforman el IEEPCO.&nbsp;<\/p>\n\n\n\n<p>Por parte del INE Oaxaca, asistieron la vocal secretaria, Chrysthian Ver\u00f3nica Gonz\u00e1lez Labastida; el vocal de Organizaci\u00f3n Electoral, No\u00e9 Arroyo Morales, el Vocal del Registro Federal de Electores, Fortino Rub\u00e9n P\u00e9rez; as\u00ed como el Vocal de Capacitaci\u00f3n Electoral y Educaci\u00f3n C\u00edvica, Jorge Alonso Alejos Victoria.&nbsp;<\/p>\n\n\n\n<p>Con estas acciones, el IEEPCO refrenda su compromiso de mantener una coordinaci\u00f3n permanente con las autoridades electorales, en beneficio del fortalecimiento de la vida democr\u00e1tica en el estado de Oaxaca.<\/p>\n","protected":false},"excerpt":{"rendered":"<p>Oaxaca, Oax., 23 de marzo de 2026.- Este lunes el Instituto Estatal Electoral y de Participaci\u00f3n Ciudadana de Oaxaca (IEEPCO) y la Junta Local Ejecutiva del Instituto Nacional Electoral (INE) en Oaxaca llevaron a cabo una primera reuni\u00f3n de trabajo con el objetivo de fortalecer la comunicaci\u00f3n, coordinaci\u00f3n y colaboraci\u00f3n interinstitucional.&nbsp; Durante el encuentro, la&#8230;<\/p>\n","protected":false},"author":4,"featured_media":19242,"comment_status":"closed","ping_status":"closed","sticky":false,"template":"","format":"standard","meta":{"footnotes":""},"categories":[4],"tags":[],"class_list":["post-19241","post","type-post","status-publish","format-standard","has-post-thumbnail","hentry","category-general"],"_links":{"self":[{"href":"https:\/\/fdnoaxaca.net\/index.php\/wp-json\/wp\/v2\/posts\/19241","targetHints":{"allow":["GET"]}}],"collection":[{"href":"https:\/\/fdnoaxaca.net\/index.php\/wp-json\/wp\/v2\/posts"}],"about":[{"href":"https:\/\/fdnoaxaca.net\/index.php\/wp-json\/wp\/v2\/types\/post"}],"author":[{"embeddable":true,"href":"https:\/\/fdnoaxaca.net\/index.php\/wp-json\/wp\/v2\/users\/4"}],"replies":[{"embeddable":true,"href":"https:\/\/fdnoaxaca.net\/index.php\/wp-json\/wp\/v2\/comments?post=19241"}],"version-history":[{"count":1,"href":"https:\/\/fdnoaxaca.net\/index.php\/wp-json\/wp\/v2\/posts\/19241\/revisions"}],"predecessor-version":[{"id":19243,"href":"https:\/\/fdnoaxaca.net\/index.php\/wp-json\/wp\/v2\/posts\/19241\/revisions\/19243"}],"wp:featuredmedia":[{"embeddable":true,"href":"https:\/\/fdnoaxaca.net\/index.php\/wp-json\/wp\/v2\/media\/19242"}],"wp:attachment":[{"href":"https:\/\/fdnoaxaca.net\/index.php\/wp-json\/wp\/v2\/media?parent=19241"}],"wp:term":[{"taxonomy":"category","embeddable":true,"href":"https:\/\/fdnoaxaca.net\/index.php\/wp-json\/wp\/v2\/categories?post=19241"},{"taxonomy":"post_tag","embeddable":true,"href":"https:\/\/fdnoaxaca.net\/index.php\/wp-json\/wp\/v2\/tags?post=19241"}],"curies":[{"name":"wp","href":"https:\/\/api.w.org\/{rel}","templated":true}]}}