{"id":19259,"date":"2026-03-24T16:03:40","date_gmt":"2026-03-24T21:03:40","guid":{"rendered":"https:\/\/fdnoaxaca.net\/?p=19259"},"modified":"2026-03-24T16:03:43","modified_gmt":"2026-03-24T21:03:43","slug":"preven-lluvias-fuertes-en-oaxaca-emiten-recomendaciones","status":"publish","type":"post","link":"https:\/\/fdnoaxaca.net\/index.php\/2026\/03\/24\/preven-lluvias-fuertes-en-oaxaca-emiten-recomendaciones\/","title":{"rendered":"Prev\u00e9n lluvias fuertes en Oaxaca; emiten recomendaciones"},"content":{"rendered":"\n<p>Oaxaca, Oax., 24 de marzo de 2026.- Protecci\u00f3n Civil de Oaxaca inform\u00f3 que durante la tarde y noche de este martes se prev\u00e9n lluvias y tormentas intensas en el estado.<\/p>\n\n\n\n<p>De acuerdo con el reporte de las 14:00 horas, las regiones con mayor impacto ser\u00e1n Valles Centrales en la zona metropolitana de Oaxaca; asimismo, la Mixteca, Cuenca del Papaloapan, Sierra Sur, y en el Istmo de Tehuantepec. En la regi\u00f3n del Istmo, se prev\u00e9 que sea en la zona mixe zapoteca.<\/p>\n\n\n\n<p>Por lo tanto, Protecci\u00f3n Civil recomienda a la poblaci\u00f3n proteger bienes ante la lluvia fuerte y sus eventos asociados (granizo, descargas el\u00e9ctricas, viento y encharcamientos).<\/p>\n\n\n\n<p>Adem\u00e1s, apartarse de lugares pr\u00f3ximos a muros, \u00e1rboles, cables de luz, vallas, y espectaculares en visible riesgo de caer.<\/p>\n","protected":false},"excerpt":{"rendered":"<p>Oaxaca, Oax., 24 de marzo de 2026.- Protecci\u00f3n Civil de Oaxaca inform\u00f3 que durante la tarde y noche de este martes se prev\u00e9n lluvias y tormentas intensas en el estado. De acuerdo con el reporte de las 14:00 horas, las regiones con mayor impacto ser\u00e1n Valles Centrales en la zona metropolitana de Oaxaca; asimismo, la&#8230;<\/p>\n","protected":false},"author":4,"featured_media":19260,"comment_status":"closed","ping_status":"closed","sticky":false,"template":"","format":"standard","meta":{"footnotes":""},"categories":[49],"tags":[],"class_list":["post-19259","post","type-post","status-publish","format-standard","has-post-thumbnail","hentry","category-titulares"],"_links":{"self":[{"href":"https:\/\/fdnoaxaca.net\/index.php\/wp-json\/wp\/v2\/posts\/19259","targetHints":{"allow":["GET"]}}],"collection":[{"href":"https:\/\/fdnoaxaca.net\/index.php\/wp-json\/wp\/v2\/posts"}],"about":[{"href":"https:\/\/fdnoaxaca.net\/index.php\/wp-json\/wp\/v2\/types\/post"}],"author":[{"embeddable":true,"href":"https:\/\/fdnoaxaca.net\/index.php\/wp-json\/wp\/v2\/users\/4"}],"replies":[{"embeddable":true,"href":"https:\/\/fdnoaxaca.net\/index.php\/wp-json\/wp\/v2\/comments?post=19259"}],"version-history":[{"count":1,"href":"https:\/\/fdnoaxaca.net\/index.php\/wp-json\/wp\/v2\/posts\/19259\/revisions"}],"predecessor-version":[{"id":19261,"href":"https:\/\/fdnoaxaca.net\/index.php\/wp-json\/wp\/v2\/posts\/19259\/revisions\/19261"}],"wp:featuredmedia":[{"embeddable":true,"href":"https:\/\/fdnoaxaca.net\/index.php\/wp-json\/wp\/v2\/media\/19260"}],"wp:attachment":[{"href":"https:\/\/fdnoaxaca.net\/index.php\/wp-json\/wp\/v2\/media?parent=19259"}],"wp:term":[{"taxonomy":"category","embeddable":true,"href":"https:\/\/fdnoaxaca.net\/index.php\/wp-json\/wp\/v2\/categories?post=19259"},{"taxonomy":"post_tag","embeddable":true,"href":"https:\/\/fdnoaxaca.net\/index.php\/wp-json\/wp\/v2\/tags?post=19259"}],"curies":[{"name":"wp","href":"https:\/\/api.w.org\/{rel}","templated":true}]}}