{"id":19262,"date":"2026-03-25T14:10:49","date_gmt":"2026-03-25T19:10:49","guid":{"rendered":"https:\/\/fdnoaxaca.net\/?p=19262"},"modified":"2026-03-25T14:10:51","modified_gmt":"2026-03-25T19:10:51","slug":"tiene-oaxaca-nueva-ley-de-expropiacion","status":"publish","type":"post","link":"https:\/\/fdnoaxaca.net\/index.php\/2026\/03\/25\/tiene-oaxaca-nueva-ley-de-expropiacion\/","title":{"rendered":"Tiene Oaxaca nueva Ley de Expropiaci\u00f3n"},"content":{"rendered":"\n<p>* Actualiza el ordenamiento que permaneci\u00f3 sin reformas durante m\u00e1s de siete d\u00e9cadas.<\/p>\n\n\n\n<p>San Raymundo Jalpan, Oax., 25 de marzo de 2026.- El Congreso de Oaxaca aprob\u00f3 en sesi\u00f3n ordinaria el dictamen derivado de la iniciativa que present\u00f3 el titular del Poder Ejecutivo, Salom\u00f3n Jara Cruz, por el que se expide la nueva Ley de Expropiaci\u00f3n del Estado.<\/p>\n\n\n\n<p>Con ello, se sustituye el marco jur\u00eddico que estaba vigente desde 1950, a fin de armonizarlo con los est\u00e1ndares actuales en materia de derechos humanos, debido proceso y seguridad jur\u00eddica.<\/p>\n\n\n\n<p>Al presentar el dictamen, la diputada M\u00f3nica Bel\u00e9n L\u00f3pez Javier, presidente de la Comisi\u00f3n Permanente de Administraci\u00f3n P\u00fablica, explic\u00f3 que esta nueva legislaci\u00f3n responde a la necesidad de actualizar un ordenamiento que permaneci\u00f3 sin reformas durante m\u00e1s de siete d\u00e9cadas, lo que lo manten\u00eda desfasado frente a la realidad social, jur\u00eddica e institucional de la entidad.<\/p>\n\n\n\n<p>Detall\u00f3 que la nueva ley establece un marco normativo moderno que regula con precisi\u00f3n las causas de utilidad p\u00fablica, define procedimientos administrativos claros y garantiza el respeto pleno a los derechos de las personas. Subray\u00f3 que su dise\u00f1o incorpora los avances constitucionales derivados de la reforma en materia de derechos humanos de 2011, as\u00ed como criterios de la Suprema Corte de Justicia de la Naci\u00f3n (SCJN), lo que permite consolidar un esquema en el que la actuaci\u00f3n del Estado se rige por principios de legalidad, transparencia y proporcionalidad.<\/p>\n\n\n\n<p>Asimismo, destac\u00f3 que el nuevo ordenamiento contempla etapas definidas dentro del procedimiento de expropiaci\u00f3n, asegura el derecho de audiencia, permite la presentaci\u00f3n de pruebas y alegatos, fortalece los mecanismos de indemnizaci\u00f3n mediante criterios objetivos que brindan certeza a las personas afectadas, y se mejora la coordinaci\u00f3n con instancias registrales y catastrales para garantizar claridad en la situaci\u00f3n jur\u00eddica de los bienes.<\/p>\n\n\n\n<p>Por su parte, la presidente de la Junta de Coordinaci\u00f3n Pol\u00edtica (Jucopo), Tania Caballero Navarro, se\u00f1al\u00f3 que esta ley representa un instrumento para recuperar bienes en favor del inter\u00e9s p\u00fablico y ampliar el acceso de la ciudadan\u00eda a espacios y servicios de salud y educativos, entre otros.<\/p>\n\n\n\n<p>Indic\u00f3 que la expropiaci\u00f3n no busca despojar a las familias, sino restituir derechos y generar beneficios colectivos, como ocurri\u00f3 con el Parque Primavera.<\/p>\n\n\n\n<p>La nueva legislaci\u00f3n establece un marco actualizado que incorpora nuevas causas de utilidad p\u00fablica acordes con la realidad actual, y delimita con claridad las etapas del procedimiento mediante la diferenciaci\u00f3n entre el Decreto de Utilidad P\u00fablica y el Decreto de Afectaci\u00f3n.<\/p>\n\n\n\n<p>Asimismo, garantiza el debido proceso con mecanismos de defensa para el respeto de los derechos de las personas, regula la ocupaci\u00f3n en casos de urgencia bajo criterios estrictos, y fortalece los esquemas de indemnizaci\u00f3n con metodolog\u00edas objetivas, contribuyendo a un equilibrio entre el inter\u00e9s p\u00fablico y el respeto al derecho de propiedad.<\/p>\n","protected":false},"excerpt":{"rendered":"<p>* Actualiza el ordenamiento que permaneci\u00f3 sin reformas durante m\u00e1s de siete d\u00e9cadas. San Raymundo Jalpan, Oax., 25 de marzo de 2026.- El Congreso de Oaxaca aprob\u00f3 en sesi\u00f3n ordinaria el dictamen derivado de la iniciativa que present\u00f3 el titular del Poder Ejecutivo, Salom\u00f3n Jara Cruz, por el que se expide la nueva Ley de&#8230;<\/p>\n","protected":false},"author":4,"featured_media":19263,"comment_status":"closed","ping_status":"closed","sticky":false,"template":"","format":"standard","meta":{"footnotes":""},"categories":[49],"tags":[],"class_list":["post-19262","post","type-post","status-publish","format-standard","has-post-thumbnail","hentry","category-titulares"],"_links":{"self":[{"href":"https:\/\/fdnoaxaca.net\/index.php\/wp-json\/wp\/v2\/posts\/19262","targetHints":{"allow":["GET"]}}],"collection":[{"href":"https:\/\/fdnoaxaca.net\/index.php\/wp-json\/wp\/v2\/posts"}],"about":[{"href":"https:\/\/fdnoaxaca.net\/index.php\/wp-json\/wp\/v2\/types\/post"}],"author":[{"embeddable":true,"href":"https:\/\/fdnoaxaca.net\/index.php\/wp-json\/wp\/v2\/users\/4"}],"replies":[{"embeddable":true,"href":"https:\/\/fdnoaxaca.net\/index.php\/wp-json\/wp\/v2\/comments?post=19262"}],"version-history":[{"count":1,"href":"https:\/\/fdnoaxaca.net\/index.php\/wp-json\/wp\/v2\/posts\/19262\/revisions"}],"predecessor-version":[{"id":19264,"href":"https:\/\/fdnoaxaca.net\/index.php\/wp-json\/wp\/v2\/posts\/19262\/revisions\/19264"}],"wp:featuredmedia":[{"embeddable":true,"href":"https:\/\/fdnoaxaca.net\/index.php\/wp-json\/wp\/v2\/media\/19263"}],"wp:attachment":[{"href":"https:\/\/fdnoaxaca.net\/index.php\/wp-json\/wp\/v2\/media?parent=19262"}],"wp:term":[{"taxonomy":"category","embeddable":true,"href":"https:\/\/fdnoaxaca.net\/index.php\/wp-json\/wp\/v2\/categories?post=19262"},{"taxonomy":"post_tag","embeddable":true,"href":"https:\/\/fdnoaxaca.net\/index.php\/wp-json\/wp\/v2\/tags?post=19262"}],"curies":[{"name":"wp","href":"https:\/\/api.w.org\/{rel}","templated":true}]}}