{"id":19299,"date":"2026-03-30T11:55:17","date_gmt":"2026-03-30T16:55:17","guid":{"rendered":"https:\/\/fdnoaxaca.net\/?p=19299"},"modified":"2026-03-30T11:55:20","modified_gmt":"2026-03-30T16:55:20","slug":"detienen-a-mujer-senalada-por-el-feminicidio-de-profesora-ocurrido-en-oaxaca","status":"publish","type":"post","link":"https:\/\/fdnoaxaca.net\/index.php\/2026\/03\/30\/detienen-a-mujer-senalada-por-el-feminicidio-de-profesora-ocurrido-en-oaxaca\/","title":{"rendered":"Detienen a mujer se\u00f1alada por el feminicidio de profesora ocurrido en Oaxaca\u00a0"},"content":{"rendered":"\n<p>Oaxaca de Ju\u00e1rez, Oax., 30 de marzo de 2026.- Una mujer identificada como A.D.R.L., fue detenida por su probable responsabilidad en el delito de feminicidio, cometido en la colonia Monte Alb\u00e1n, en el municipio de Oaxaca de Ju\u00e1rez.<\/p>\n\n\n\n<p>La Fiscal\u00eda General de Oaxaca inform\u00f3 que de acuerdo con la carpeta de investigaci\u00f3n, los hechos ocurrieron el 25 de marzo de 2026, al interior de un domicilio ubicado en la agencia de San Mart\u00edn Mexicapan, donde fue localizado el cuerpo sin vida de la v\u00edctima, una profesora identificada con las iniciales R.G.G.&nbsp;<\/p>\n\n\n\n<p>Tras el hallazgo, la Fiscal\u00eda activ\u00f3 el protocolo de investigaci\u00f3n ministerial, policial y pericial del delito de feminicidio.<\/p>\n\n\n\n<p>Las primeras indagatorias y los estudios cient\u00edficos realizados por personal de la Fiscal\u00eda Especializada en Feminicidio de la FGEO y especialistas en distintas \u00e1reas forenses permitieron establecer, de manera preliminar, que la causa de la muerte fue una hemorragia subaracnoidea derivada de un traumatismo craneoencef\u00e1lico severo ocasionado por lesi\u00f3n contundente traum\u00e1tica, adem\u00e1s, se detectaron signos de asfixia por ahorcadura mec\u00e1nica.<\/p>\n\n\n\n<p>Derivado de los actos de investigaci\u00f3n realizados con perspectiva de g\u00e9nero, as\u00ed como labores de inteligencia criminal, la Fiscal\u00eda afirm\u00f3 que obtuvo los indicios y datos de prueba suficientes para establecer la probable responsabilidad de A.D.R.L., quien fue detenida y puesta a disposici\u00f3n de la autoridad ministerial correspondiente para determinar su situaci\u00f3n jur\u00eddica.<\/p>\n","protected":false},"excerpt":{"rendered":"<p>Oaxaca de Ju\u00e1rez, Oax., 30 de marzo de 2026.- Una mujer identificada como A.D.R.L., fue detenida por su probable responsabilidad en el delito de feminicidio, cometido en la colonia Monte Alb\u00e1n, en el municipio de Oaxaca de Ju\u00e1rez. La Fiscal\u00eda General de Oaxaca inform\u00f3 que de acuerdo con la carpeta de investigaci\u00f3n, los hechos ocurrieron&#8230;<\/p>\n","protected":false},"author":4,"featured_media":19300,"comment_status":"closed","ping_status":"closed","sticky":false,"template":"","format":"standard","meta":{"footnotes":""},"categories":[49],"tags":[],"class_list":["post-19299","post","type-post","status-publish","format-standard","has-post-thumbnail","hentry","category-titulares"],"_links":{"self":[{"href":"https:\/\/fdnoaxaca.net\/index.php\/wp-json\/wp\/v2\/posts\/19299","targetHints":{"allow":["GET"]}}],"collection":[{"href":"https:\/\/fdnoaxaca.net\/index.php\/wp-json\/wp\/v2\/posts"}],"about":[{"href":"https:\/\/fdnoaxaca.net\/index.php\/wp-json\/wp\/v2\/types\/post"}],"author":[{"embeddable":true,"href":"https:\/\/fdnoaxaca.net\/index.php\/wp-json\/wp\/v2\/users\/4"}],"replies":[{"embeddable":true,"href":"https:\/\/fdnoaxaca.net\/index.php\/wp-json\/wp\/v2\/comments?post=19299"}],"version-history":[{"count":1,"href":"https:\/\/fdnoaxaca.net\/index.php\/wp-json\/wp\/v2\/posts\/19299\/revisions"}],"predecessor-version":[{"id":19301,"href":"https:\/\/fdnoaxaca.net\/index.php\/wp-json\/wp\/v2\/posts\/19299\/revisions\/19301"}],"wp:featuredmedia":[{"embeddable":true,"href":"https:\/\/fdnoaxaca.net\/index.php\/wp-json\/wp\/v2\/media\/19300"}],"wp:attachment":[{"href":"https:\/\/fdnoaxaca.net\/index.php\/wp-json\/wp\/v2\/media?parent=19299"}],"wp:term":[{"taxonomy":"category","embeddable":true,"href":"https:\/\/fdnoaxaca.net\/index.php\/wp-json\/wp\/v2\/categories?post=19299"},{"taxonomy":"post_tag","embeddable":true,"href":"https:\/\/fdnoaxaca.net\/index.php\/wp-json\/wp\/v2\/tags?post=19299"}],"curies":[{"name":"wp","href":"https:\/\/api.w.org\/{rel}","templated":true}]}}