{"id":19316,"date":"2026-03-31T12:56:14","date_gmt":"2026-03-31T17:56:14","guid":{"rendered":"https:\/\/fdnoaxaca.net\/?p=19316"},"modified":"2026-03-31T12:56:16","modified_gmt":"2026-03-31T17:56:16","slug":"exigen-justicia-por-el-feminicidio-de-la-maestra-ayuujk-reina-garcia-gonzalez","status":"publish","type":"post","link":"https:\/\/fdnoaxaca.net\/index.php\/2026\/03\/31\/exigen-justicia-por-el-feminicidio-de-la-maestra-ayuujk-reina-garcia-gonzalez\/","title":{"rendered":"Exigen justicia por el feminicidio de la maestra ayuujk: Reina Garc\u00eda Gonz\u00e1lez"},"content":{"rendered":"\n<p><strong>Paola Flores<\/strong><\/p>\n\n\n\n<p>Oaxaca, Oax., 31 de marzo de 2026\u2013 Organizaciones civiles, colectivos feministas y comunidades ind\u00edgenas han alzado la voz para exigir justicia tras el feminicidio de\u00a0<strong>Reina Garc\u00eda Gonz\u00e1lez<\/strong>, una destacada maestra biling\u00fce, promotora cultural y mujer ayuujk originaria de\u00a0<strong>Tlahuitoltepec Mixe<\/strong>.<\/p>\n\n\n\n<p>El crimen, ocurrido el pasado&nbsp;<strong>26 de marzo de 2026<\/strong>&nbsp;en la capital oaxaque\u00f1a, ha sido calificado por las activistas como un reflejo de la permanente inseguridad y el fracaso del Estado ante la violencia de g\u00e9nero.<\/p>\n\n\n\n<p>La maestra Reina, quien padec\u00eda diabetes, se encontraba sola en su domicilio al momento del ataque que le arrebat\u00f3 la vida. La&nbsp;<strong>Fiscal\u00eda General del Estado de Oaxaca<\/strong>, encabezada por Bernardo Rodr\u00edguez Alamilla ya inici\u00f3 una carpeta de investigaci\u00f3n bajo el protocolo de feminicidio.<\/p>\n\n\n\n<p>Sin embargo, el&nbsp;<strong>Colectivo de Mujeres Tukyo\u2019m<\/strong>&nbsp;(Colectivo de Mujeres de Ayutla) y la&nbsp;<strong>Asamblea de Mujeres Ind\u00edgenas de Oaxaca<\/strong>&nbsp;han advertido que no aceptar\u00e1n m\u00e1s simulaciones ni discursos vac\u00edos. Denunciaron que la omisi\u00f3n y negligencia de las autoridades tambi\u00e9n lastiman a la sociedad y exigieron una investigaci\u00f3n diligente con perspectiva de g\u00e9nero e interculturalidad.<\/p>\n\n\n\n<p><strong>Un grito contra la impunidad<\/strong><\/p>\n\n\n\n<p><strong>Y\u00e1snaya Aguilar<\/strong>, activista ayuujk y cu\u00f1ada de la v\u00edctima, expres\u00f3 con dolor que la violencia apag\u00f3 la vida de una mujer que ve\u00eda en la educaci\u00f3n una herramienta para la dignificaci\u00f3n de su pueblo: \u00abLas mujeres ind\u00edgenas no podemos ser solo un adorno en sus discursos y proyectos\u00bb, sentenci\u00f3 Aguilar, haciendo un llamado a que este caso no se convierta en una cifra m\u00e1s de la impunidad machista.<\/p>\n\n\n\n<p>La situaci\u00f3n en la entidad es cr\u00edtica: seg\u00fan reportes de organizaciones sociales, en los primeros tres meses de 2026 suman&nbsp;<strong>17 feminicidios en Oaxaca<\/strong>, lo que para la Asamblea de Mujeres Ind\u00edgenas evidencia una situaci\u00f3n de ingobernabilidad. \u00ab\u00a1Para las mujeres todav\u00eda no hay Primavera Oaxaque\u00f1a!\u00bb, se\u00f1alaron en su pronunciamiento.<\/p>\n\n\n\n<p><strong>Detienen a mujer se\u00f1alada por el feminicidio de Reina Garc\u00eda<\/strong><\/p>\n\n\n\n<p><strong>Redacci\u00f3n<\/strong><\/p>\n\n\n\n<p>Por otra parte, el lunes 30 de marzo, la Fiscal\u00eda General de Oaxaca inform\u00f3 que fue detenida una mujer identificada como A.D.R.L., por su probable responsabilidad en el delito de feminicidio, cometido en la colonia Monte Alb\u00e1n, en el municipio de Oaxaca de Ju\u00e1rez.<\/p>\n\n\n\n<p>Detall\u00f3 que de acuerdo con la carpeta de investigaci\u00f3n, los hechos ocurrieron el 25 de marzo de 2026, al interior de un domicilio ubicado en la agencia de San Mart\u00edn Mexicapan, donde fue localizado el cuerpo sin vida de la v\u00edctima, una profesora identificada con las iniciales R.G.G.&nbsp;<\/p>\n\n\n\n<p>Tras el hallazgo, la Fiscal\u00eda activ\u00f3 el protocolo de investigaci\u00f3n ministerial, policial y pericial del delito de feminicidio.<\/p>\n\n\n\n<p>Las primeras indagatorias y los estudios cient\u00edficos realizados por personal de la Fiscal\u00eda Especializada en Feminicidio de la FGEO y especialistas en distintas \u00e1reas forenses permitieron establecer, de manera preliminar, que la causa de la muerte fue una hemorragia subaracnoidea derivada de un traumatismo craneoencef\u00e1lico severo ocasionado por lesi\u00f3n contundente traum\u00e1tica, adem\u00e1s, se detectaron signos de asfixia por ahorcadura mec\u00e1nica.<\/p>\n\n\n\n<p>Derivado de los actos de investigaci\u00f3n realizados con perspectiva de g\u00e9nero, as\u00ed como labores de inteligencia criminal, la Fiscal\u00eda afirm\u00f3 que obtuvo los indicios y datos de prueba suficientes para establecer la probable responsabilidad de A.D.R.L., quien fue detenida y puesta a disposici\u00f3n de la autoridad ministerial correspondiente para determinar su situaci\u00f3n jur\u00eddica.<\/p>\n","protected":false},"excerpt":{"rendered":"<p>Paola Flores Oaxaca, Oax., 31 de marzo de 2026\u2013 Organizaciones civiles, colectivos feministas y comunidades ind\u00edgenas han alzado la voz para exigir justicia tras el feminicidio de\u00a0Reina Garc\u00eda Gonz\u00e1lez, una destacada maestra biling\u00fce, promotora cultural y mujer ayuujk originaria de\u00a0Tlahuitoltepec Mixe. El crimen, ocurrido el pasado&nbsp;26 de marzo de 2026&nbsp;en la capital oaxaque\u00f1a, ha sido&#8230;<\/p>\n","protected":false},"author":4,"featured_media":19318,"comment_status":"closed","ping_status":"closed","sticky":false,"template":"","format":"standard","meta":{"footnotes":""},"categories":[49],"tags":[],"class_list":["post-19316","post","type-post","status-publish","format-standard","has-post-thumbnail","hentry","category-titulares"],"_links":{"self":[{"href":"https:\/\/fdnoaxaca.net\/index.php\/wp-json\/wp\/v2\/posts\/19316","targetHints":{"allow":["GET"]}}],"collection":[{"href":"https:\/\/fdnoaxaca.net\/index.php\/wp-json\/wp\/v2\/posts"}],"about":[{"href":"https:\/\/fdnoaxaca.net\/index.php\/wp-json\/wp\/v2\/types\/post"}],"author":[{"embeddable":true,"href":"https:\/\/fdnoaxaca.net\/index.php\/wp-json\/wp\/v2\/users\/4"}],"replies":[{"embeddable":true,"href":"https:\/\/fdnoaxaca.net\/index.php\/wp-json\/wp\/v2\/comments?post=19316"}],"version-history":[{"count":1,"href":"https:\/\/fdnoaxaca.net\/index.php\/wp-json\/wp\/v2\/posts\/19316\/revisions"}],"predecessor-version":[{"id":19319,"href":"https:\/\/fdnoaxaca.net\/index.php\/wp-json\/wp\/v2\/posts\/19316\/revisions\/19319"}],"wp:featuredmedia":[{"embeddable":true,"href":"https:\/\/fdnoaxaca.net\/index.php\/wp-json\/wp\/v2\/media\/19318"}],"wp:attachment":[{"href":"https:\/\/fdnoaxaca.net\/index.php\/wp-json\/wp\/v2\/media?parent=19316"}],"wp:term":[{"taxonomy":"category","embeddable":true,"href":"https:\/\/fdnoaxaca.net\/index.php\/wp-json\/wp\/v2\/categories?post=19316"},{"taxonomy":"post_tag","embeddable":true,"href":"https:\/\/fdnoaxaca.net\/index.php\/wp-json\/wp\/v2\/tags?post=19316"}],"curies":[{"name":"wp","href":"https:\/\/api.w.org\/{rel}","templated":true}]}}