{"id":19437,"date":"2026-04-25T10:25:00","date_gmt":"2026-04-25T15:25:00","guid":{"rendered":"https:\/\/fdnoaxaca.net\/?p=19437"},"modified":"2026-04-25T11:26:33","modified_gmt":"2026-04-25T16:26:33","slug":"presenta-ieepco-el-libro-cuestiones-electorales-2020-2024","status":"publish","type":"post","link":"https:\/\/fdnoaxaca.net\/index.php\/2026\/04\/25\/presenta-ieepco-el-libro-cuestiones-electorales-2020-2024\/","title":{"rendered":"Presenta IEEPCO el libro \u201cCuestiones Electorales 2020\u20132024\u201d"},"content":{"rendered":"\n<p>Oaxaca, Oax., 25 de abril de 2026.- En el marco del ciclo de presentaciones de libros \u201cDemocracia en di\u00e1logo: Transparencia, Elecciones y Sistemas Normativos Ind\u00edgenas\u201d, impulsado por la Comisi\u00f3n Temporal de Comunicaci\u00f3n (CTC) y la Unidad T\u00e9cnica de Comunicaci\u00f3n Social (UTCS) del Instituto Estatal Electoral y de Participaci\u00f3n Ciudadana de Oaxaca (IEEPCO), el viernes fue presentado el libro \u201cCuestiones Electorales 2020\u20132024\u201d, de la editorial UBIJUS.<\/p>\n\n\n\n<p>Durante la moderaci\u00f3n, la consejera presidente del IEEPCO, Elizabeth S\u00e1nchez Gonz\u00e1lez, destac\u00f3 que la obra invita a reflexionar sobre los dilemas contempor\u00e1neos de la justicia electoral en M\u00e9xico, en un contexto marcado por reformas al marco jur\u00eddico-electoral y por los procesos de renovaci\u00f3n de distintos \u00f3rganos electorales, tanto concluidos como en curso, entre ellos el Consejo General del INE.<\/p>\n\n\n\n<p>Se\u00f1al\u00f3 que el texto, como advierte el propio autor desde sus primeras p\u00e1ginas, re\u00fane diez trabajos escritos entre 2020 y 2023, originalmente publicados en distintos espacios y momentos, los cuales responden a preocupaciones intelectuales desarrolladas a lo largo del tiempo. En este sentido, subray\u00f3 que no se trata de una obra unitaria, sino de una compilaci\u00f3n que integra diversos temas a\u00fan vigentes en la agenda p\u00fablica, organizados en apartados que permiten recorrer algunos de los aspectos m\u00e1s relevantes de la justicia electoral contempor\u00e1nea.<\/p>\n\n\n\n<p>Por su parte, el autor, Luis Octavio Vado Grajales, explic\u00f3 que, al abordar temas como la prueba il\u00edcita, el derecho a la consulta de los adultos mayores, las dimensiones de la democracia en M\u00e9xico y la justicia electoral federal, su objetivo fue dejar constancia de acontecimientos significativos en el pa\u00eds.&nbsp;<\/p>\n\n\n\n<p>Asimismo, comparti\u00f3 con las personas asistentes el proceso de documentaci\u00f3n y construcci\u00f3n de los textos, concebidos como material de consulta para quienes integran los organismos p\u00fablicos electorales y para todas aquellas personas interesadas en la vida democr\u00e1tica.<\/p>\n\n\n\n<p>En su intervenci\u00f3n como comentarista, Alejandra Silva Soriano, encargada de despacho de la Direcci\u00f3n Ejecutiva de Partidos Pol\u00edticos, Prerrogativas y Candidaturas Independientes del IEEPCO, subray\u00f3 que el n\u00facleo del an\u00e1lisis del libro radica en la implementaci\u00f3n t\u00e9cnica del test de proporcionalidad como herramienta de\u00a0autocontrol para las autoridades electorales.\u00a0<\/p>\n\n\n\n<p>Enfatiz\u00f3 que este ejercicio no debe ser exclusivo de los tribunales, sino que tambi\u00e9n debe ser adoptado por los organismos p\u00fablicos locales y los partidos pol\u00edticos, a fin de verificar que toda acci\u00f3n afirmativa cumpla con los principios de idoneidad, necesidad y proporcionalidad en sentido estricto, garantizando as\u00ed que estas medidas no colisionen con otros mandatos constitucionales, como la paridad de g\u00e9nero.<\/p>\n\n\n\n<p>Asimismo, destac\u00f3 la utilidad pr\u00e1ctica del \u201cCuestionario de Verificaci\u00f3n\u201d propuesto en la obra, al considerarlo una gu\u00eda fundamental para avanzar de una democracia procedimental a una sustantiva. Se\u00f1al\u00f3 que esta herramienta no solo contribuye a fortalecer el dise\u00f1o institucional, sino que tambi\u00e9n impulsa a las autoridades a medir el impacto real de sus decisiones, asegurando que la igualdad material sea una realidad verificable y no \u00fanicamente un mandato formal.<\/p>\n\n\n\n<p>Para concluir, la consejera electoral y presidente de la Comisi\u00f3n Temporal de Comunicaci\u00f3n, Ana Mar\u00eda M\u00e1rquez Andr\u00e9s, agradeci\u00f3 la participaci\u00f3n de las personas ponentes y realiz\u00f3 la entrega de reconocimientos.<\/p>\n\n\n\n<p>A la presentaci\u00f3n tambi\u00e9n asistieron el secretario ejecutivo, Graciano Alejandro Prats Rojas; la contralora general, Rosa Elia Vasquez Flores; as\u00ed como titulares, encargados de despacho y personal de las distintas \u00e1reas del IEEPCO.<\/p>\n","protected":false},"excerpt":{"rendered":"<p>Oaxaca, Oax., 25 de abril de 2026.- En el marco del ciclo de presentaciones de libros \u201cDemocracia en di\u00e1logo: Transparencia, Elecciones y Sistemas Normativos Ind\u00edgenas\u201d, impulsado por la Comisi\u00f3n Temporal de Comunicaci\u00f3n (CTC) y la Unidad T\u00e9cnica de Comunicaci\u00f3n Social (UTCS) del Instituto Estatal Electoral y de Participaci\u00f3n Ciudadana de Oaxaca (IEEPCO), el viernes fue&#8230;<\/p>\n","protected":false},"author":4,"featured_media":19438,"comment_status":"closed","ping_status":"closed","sticky":false,"template":"","format":"standard","meta":{"footnotes":""},"categories":[4],"tags":[],"class_list":["post-19437","post","type-post","status-publish","format-standard","has-post-thumbnail","hentry","category-general"],"_links":{"self":[{"href":"https:\/\/fdnoaxaca.net\/index.php\/wp-json\/wp\/v2\/posts\/19437","targetHints":{"allow":["GET"]}}],"collection":[{"href":"https:\/\/fdnoaxaca.net\/index.php\/wp-json\/wp\/v2\/posts"}],"about":[{"href":"https:\/\/fdnoaxaca.net\/index.php\/wp-json\/wp\/v2\/types\/post"}],"author":[{"embeddable":true,"href":"https:\/\/fdnoaxaca.net\/index.php\/wp-json\/wp\/v2\/users\/4"}],"replies":[{"embeddable":true,"href":"https:\/\/fdnoaxaca.net\/index.php\/wp-json\/wp\/v2\/comments?post=19437"}],"version-history":[{"count":1,"href":"https:\/\/fdnoaxaca.net\/index.php\/wp-json\/wp\/v2\/posts\/19437\/revisions"}],"predecessor-version":[{"id":19439,"href":"https:\/\/fdnoaxaca.net\/index.php\/wp-json\/wp\/v2\/posts\/19437\/revisions\/19439"}],"wp:featuredmedia":[{"embeddable":true,"href":"https:\/\/fdnoaxaca.net\/index.php\/wp-json\/wp\/v2\/media\/19438"}],"wp:attachment":[{"href":"https:\/\/fdnoaxaca.net\/index.php\/wp-json\/wp\/v2\/media?parent=19437"}],"wp:term":[{"taxonomy":"category","embeddable":true,"href":"https:\/\/fdnoaxaca.net\/index.php\/wp-json\/wp\/v2\/categories?post=19437"},{"taxonomy":"post_tag","embeddable":true,"href":"https:\/\/fdnoaxaca.net\/index.php\/wp-json\/wp\/v2\/tags?post=19437"}],"curies":[{"name":"wp","href":"https:\/\/api.w.org\/{rel}","templated":true}]}}