{"id":19440,"date":"2026-04-27T10:45:00","date_gmt":"2026-04-27T15:45:00","guid":{"rendered":"https:\/\/fdnoaxaca.net\/?p=19440"},"modified":"2026-04-27T11:46:33","modified_gmt":"2026-04-27T16:46:33","slug":"queda-en-prision-preventiva-padre-por-vender-a-su-hija-en-oaxaca","status":"publish","type":"post","link":"https:\/\/fdnoaxaca.net\/index.php\/2026\/04\/27\/queda-en-prision-preventiva-padre-por-vender-a-su-hija-en-oaxaca\/","title":{"rendered":"Queda en prisi\u00f3n preventiva padre por vender a su hija en Oaxaca\u00a0"},"content":{"rendered":"\n<p>Oaxaca de Ju\u00e1rez, Oax., 27 de abril de 2026.- Un hombre identificado como S.S.G., fue vinculado a proceso y puesto en prisi\u00f3n preventiva por su probable responsabilidad en el delito de trata de personas en la modalidad de matrimonio forzoso o servil, agravado, en hechos cometidos en la regi\u00f3n de Valles Centrales.<\/p>\n\n\n\n<p>De acuerdo con la causa penal, los hechos ocurrieron el 8 de enero de 2022, en la comunidad de Santa Catalina Mixtepec, perteneciente al municipio de Zimatl\u00e1n de \u00c1lvarez, donde una adolescente, que contaba con 13 a\u00f1os de edad al momento de los hechos, habr\u00eda sido entregada por su padre a un adulto a cambio de una cantidad econ\u00f3mica, con la finalidad de que cohabitara como pareja.<\/p>\n\n\n\n<p>Seg\u00fan la denuncia, durante un periodo prolongado, la adolescente habr\u00eda permanecido en el lugar bajo amenazas, adem\u00e1s de sufrir agresiones f\u00edsicas, psicol\u00f3gicas y sexuales. En abril de 2024 logr\u00f3 salir de ese entorno y posteriormente fue resguardada bajo medidas de protecci\u00f3n en un Centro de Asistencia Social del Sistema DIF Estatal.<\/p>\n\n\n\n<p>Como resultado de las investigaciones realizadas por la Fiscal\u00eda de Oaxaca a trav\u00e9s de la Fiscal\u00eda Especializada en Delitos de Alto Impacto, se ejecut\u00f3 una orden de aprehensi\u00f3n contra el imputado, quien es padre de la v\u00edctima.&nbsp;<\/p>\n\n\n\n<p>Tras desahogarse las etapas procesales correspondientes, el 23 de abril de 2026, el Juez de Control dict\u00f3 auto de vinculaci\u00f3n a proceso en contra de S.S.G., imponiendo la medida cautelar de prisi\u00f3n preventiva justificada, adem\u00e1s de imponer el plazo de tres meses para el cierre de la investigaci\u00f3n complementaria.<\/p>\n","protected":false},"excerpt":{"rendered":"<p>Oaxaca de Ju\u00e1rez, Oax., 27 de abril de 2026.- Un hombre identificado como S.S.G., fue vinculado a proceso y puesto en prisi\u00f3n preventiva por su probable responsabilidad en el delito de trata de personas en la modalidad de matrimonio forzoso o servil, agravado, en hechos cometidos en la regi\u00f3n de Valles Centrales. De acuerdo con&#8230;<\/p>\n","protected":false},"author":4,"featured_media":19441,"comment_status":"closed","ping_status":"closed","sticky":false,"template":"","format":"standard","meta":{"footnotes":""},"categories":[4],"tags":[],"class_list":["post-19440","post","type-post","status-publish","format-standard","has-post-thumbnail","hentry","category-general"],"_links":{"self":[{"href":"https:\/\/fdnoaxaca.net\/index.php\/wp-json\/wp\/v2\/posts\/19440","targetHints":{"allow":["GET"]}}],"collection":[{"href":"https:\/\/fdnoaxaca.net\/index.php\/wp-json\/wp\/v2\/posts"}],"about":[{"href":"https:\/\/fdnoaxaca.net\/index.php\/wp-json\/wp\/v2\/types\/post"}],"author":[{"embeddable":true,"href":"https:\/\/fdnoaxaca.net\/index.php\/wp-json\/wp\/v2\/users\/4"}],"replies":[{"embeddable":true,"href":"https:\/\/fdnoaxaca.net\/index.php\/wp-json\/wp\/v2\/comments?post=19440"}],"version-history":[{"count":1,"href":"https:\/\/fdnoaxaca.net\/index.php\/wp-json\/wp\/v2\/posts\/19440\/revisions"}],"predecessor-version":[{"id":19442,"href":"https:\/\/fdnoaxaca.net\/index.php\/wp-json\/wp\/v2\/posts\/19440\/revisions\/19442"}],"wp:featuredmedia":[{"embeddable":true,"href":"https:\/\/fdnoaxaca.net\/index.php\/wp-json\/wp\/v2\/media\/19441"}],"wp:attachment":[{"href":"https:\/\/fdnoaxaca.net\/index.php\/wp-json\/wp\/v2\/media?parent=19440"}],"wp:term":[{"taxonomy":"category","embeddable":true,"href":"https:\/\/fdnoaxaca.net\/index.php\/wp-json\/wp\/v2\/categories?post=19440"},{"taxonomy":"post_tag","embeddable":true,"href":"https:\/\/fdnoaxaca.net\/index.php\/wp-json\/wp\/v2\/tags?post=19440"}],"curies":[{"name":"wp","href":"https:\/\/api.w.org\/{rel}","templated":true}]}}