{"id":19462,"date":"2026-04-28T13:07:02","date_gmt":"2026-04-28T18:07:02","guid":{"rendered":"https:\/\/fdnoaxaca.net\/?p=19462"},"modified":"2026-04-28T13:07:05","modified_gmt":"2026-04-28T18:07:05","slug":"alcanzan-objetivo-de-carrera-con-causa-gotas-de-alegria","status":"publish","type":"post","link":"https:\/\/fdnoaxaca.net\/index.php\/2026\/04\/28\/alcanzan-objetivo-de-carrera-con-causa-gotas-de-alegria\/","title":{"rendered":"Alcanzan objetivo de carrera con causa &#8220;Gotas de alegr\u00eda&#8221;"},"content":{"rendered":"\n<p><strong>Oaxaca de Ju\u00e1rez, Oax., 28 de abril de 2026.-&nbsp;<\/strong>La carrera con causa \u201cGotas de alegr\u00eda\u201d alcanz\u00f3 su objetivo la ma\u00f1ana del domingo 26 de abril. 550 corredores se reunieron en el bosque \u201cEl Tequio\u201d para participar en una jornada deportiva y familiar marcada por la solidaridad y el compromiso social.<\/p>\n\n\n\n<figure class=\"wp-block-image size-full\"><img loading=\"lazy\" decoding=\"async\" width=\"1024\" height=\"768\" src=\"https:\/\/fdnoaxaca.net\/wp-content\/uploads\/2026\/04\/04.png\" alt=\"\" class=\"wp-image-19464\" srcset=\"https:\/\/fdnoaxaca.net\/wp-content\/uploads\/2026\/04\/04.png 1024w, https:\/\/fdnoaxaca.net\/wp-content\/uploads\/2026\/04\/04-300x225.png 300w, https:\/\/fdnoaxaca.net\/wp-content\/uploads\/2026\/04\/04-768x576.png 768w\" sizes=\"auto, (max-width: 1024px) 100vw, 1024px\" \/><\/figure>\n\n\n\n<p>Impulsada por las L\u00edderes con Causa del Instituto Blaise Pascale, esta iniciativa logr\u00f3 recaudar fondos destinados a la adquisici\u00f3n de equipo m\u00e9dico que beneficiar\u00e1 a ni\u00f1as y ni\u00f1os en tratamiento de quimioterapia del IMSS, a trav\u00e9s de OncoCREAN.<\/p>\n\n\n\n<p>El respaldo de la comunidad Blaise, la sociedad oaxaque\u00f1a y de los patrocinadores fue fundamental para hacer realidad este esfuerzo colectivo, resalt\u00f3 el Instituto.<\/p>\n\n\n\n<figure class=\"wp-block-image size-full\"><img loading=\"lazy\" decoding=\"async\" width=\"1024\" height=\"768\" src=\"https:\/\/fdnoaxaca.net\/wp-content\/uploads\/2026\/04\/14.png\" alt=\"\" class=\"wp-image-19465\" srcset=\"https:\/\/fdnoaxaca.net\/wp-content\/uploads\/2026\/04\/14.png 1024w, https:\/\/fdnoaxaca.net\/wp-content\/uploads\/2026\/04\/14-300x225.png 300w, https:\/\/fdnoaxaca.net\/wp-content\/uploads\/2026\/04\/14-768x576.png 768w\" sizes=\"auto, (max-width: 1024px) 100vw, 1024px\" \/><\/figure>\n","protected":false},"excerpt":{"rendered":"<p>Oaxaca de Ju\u00e1rez, Oax., 28 de abril de 2026.-&nbsp;La carrera con causa \u201cGotas de alegr\u00eda\u201d alcanz\u00f3 su objetivo la ma\u00f1ana del domingo 26 de abril. 550 corredores se reunieron en el bosque \u201cEl Tequio\u201d para participar en una jornada deportiva y familiar marcada por la solidaridad y el compromiso social. Impulsada por las L\u00edderes con&#8230;<\/p>\n","protected":false},"author":4,"featured_media":19463,"comment_status":"closed","ping_status":"closed","sticky":false,"template":"","format":"standard","meta":{"footnotes":""},"categories":[4,50],"tags":[],"class_list":["post-19462","post","type-post","status-publish","format-standard","has-post-thumbnail","hentry","category-general","category-suplementos"],"_links":{"self":[{"href":"https:\/\/fdnoaxaca.net\/index.php\/wp-json\/wp\/v2\/posts\/19462","targetHints":{"allow":["GET"]}}],"collection":[{"href":"https:\/\/fdnoaxaca.net\/index.php\/wp-json\/wp\/v2\/posts"}],"about":[{"href":"https:\/\/fdnoaxaca.net\/index.php\/wp-json\/wp\/v2\/types\/post"}],"author":[{"embeddable":true,"href":"https:\/\/fdnoaxaca.net\/index.php\/wp-json\/wp\/v2\/users\/4"}],"replies":[{"embeddable":true,"href":"https:\/\/fdnoaxaca.net\/index.php\/wp-json\/wp\/v2\/comments?post=19462"}],"version-history":[{"count":1,"href":"https:\/\/fdnoaxaca.net\/index.php\/wp-json\/wp\/v2\/posts\/19462\/revisions"}],"predecessor-version":[{"id":19466,"href":"https:\/\/fdnoaxaca.net\/index.php\/wp-json\/wp\/v2\/posts\/19462\/revisions\/19466"}],"wp:featuredmedia":[{"embeddable":true,"href":"https:\/\/fdnoaxaca.net\/index.php\/wp-json\/wp\/v2\/media\/19463"}],"wp:attachment":[{"href":"https:\/\/fdnoaxaca.net\/index.php\/wp-json\/wp\/v2\/media?parent=19462"}],"wp:term":[{"taxonomy":"category","embeddable":true,"href":"https:\/\/fdnoaxaca.net\/index.php\/wp-json\/wp\/v2\/categories?post=19462"},{"taxonomy":"post_tag","embeddable":true,"href":"https:\/\/fdnoaxaca.net\/index.php\/wp-json\/wp\/v2\/tags?post=19462"}],"curies":[{"name":"wp","href":"https:\/\/api.w.org\/{rel}","templated":true}]}}