{"id":19472,"date":"2026-04-29T00:48:51","date_gmt":"2026-04-29T05:48:51","guid":{"rendered":"https:\/\/fdnoaxaca.net\/?p=19472"},"modified":"2026-04-29T00:48:53","modified_gmt":"2026-04-29T05:48:53","slug":"realiza-ieepco-foro-regional-de-la-consulta-indigena-y-afromexicana-en-zimatlan","status":"publish","type":"post","link":"https:\/\/fdnoaxaca.net\/index.php\/2026\/04\/29\/realiza-ieepco-foro-regional-de-la-consulta-indigena-y-afromexicana-en-zimatlan\/","title":{"rendered":"Realiza IEEPCO foro regional de la consulta ind\u00edgena y afromexicana en Zimatl\u00e1n\u00a0"},"content":{"rendered":"\n<p>Oaxaca, Oax., 28 de abril de 2026.-Zimatl\u00e1n de \u00c1lvarez fue sede del d\u00e9cimo cuarto foro regional correspondiente a la etapa consultiva de la consulta previa, libre, informada, de buena fe y culturalmente adecuada, dirigida a personas, pueblos y comunidades ind\u00edgenas y afromexicanas.<\/p>\n\n\n\n<p>En el acto de bienvenida, el presidente municipal de Zimatl\u00e1n de \u00c1lvarez, Javier C\u00e9sar Barroso S\u00e1nchez, destac\u00f3 la importancia de que las instituciones acudan a los territorios para escuchar las voces de las comunidades, y reconoci\u00f3 la participaci\u00f3n de las autoridades asistentes.<\/p>\n\n\n\n<figure class=\"wp-block-image size-large\"><img loading=\"lazy\" decoding=\"async\" width=\"1024\" height=\"682\" src=\"https:\/\/fdnoaxaca.net\/wp-content\/uploads\/2026\/04\/IMG-20260429-WA0003-1024x682.jpg\" alt=\"\" class=\"wp-image-19473\" srcset=\"https:\/\/fdnoaxaca.net\/wp-content\/uploads\/2026\/04\/IMG-20260429-WA0003-1024x682.jpg 1024w, https:\/\/fdnoaxaca.net\/wp-content\/uploads\/2026\/04\/IMG-20260429-WA0003-300x200.jpg 300w, https:\/\/fdnoaxaca.net\/wp-content\/uploads\/2026\/04\/IMG-20260429-WA0003-768x512.jpg 768w, https:\/\/fdnoaxaca.net\/wp-content\/uploads\/2026\/04\/IMG-20260429-WA0003-1536x1023.jpg 1536w, https:\/\/fdnoaxaca.net\/wp-content\/uploads\/2026\/04\/IMG-20260429-WA0003-600x400.jpg 600w, https:\/\/fdnoaxaca.net\/wp-content\/uploads\/2026\/04\/IMG-20260429-WA0003-272x182.jpg 272w, https:\/\/fdnoaxaca.net\/wp-content\/uploads\/2026\/04\/IMG-20260429-WA0003.jpg 1600w\" sizes=\"auto, (max-width: 1024px) 100vw, 1024px\" \/><\/figure>\n\n\n\n<p>Durante su intervenci\u00f3n, el consejero electoral y presidente de la Comisi\u00f3n Permanente de Educaci\u00f3n C\u00edvica y Participaci\u00f3n Ciudadana, Manuel Cort\u00e9s Muriedas, explic\u00f3 que esta consulta tiene como objetivo determinar la pertinencia y, en su caso, establecer los lineamientos para el reconocimiento ind\u00edgena de un partido pol\u00edtico local.<\/p>\n\n\n\n<p>En el foro participaron autoridades y representaciones comunitarias zapotecas y chatinas provenientes de Coatecas Altas, San Mart\u00edn Lachil\u00e1, San Vicente Lachix\u00edo, Trinidad Zaachila, Zimatl\u00e1n de \u00c1lvarez, Santa Mar\u00eda Sola, San Antonino El Alto, San Miguel Mixtepec, Santa In\u00e9s Yatzeche, Villa de Zaachila, San Francisco Sola y San Pedro Juchatengo.<\/p>\n\n\n\n<figure class=\"wp-block-image size-large\"><img loading=\"lazy\" decoding=\"async\" width=\"1024\" height=\"682\" src=\"https:\/\/fdnoaxaca.net\/wp-content\/uploads\/2026\/04\/IMG-20260429-WA0002-1024x682.jpg\" alt=\"\" class=\"wp-image-19474\" srcset=\"https:\/\/fdnoaxaca.net\/wp-content\/uploads\/2026\/04\/IMG-20260429-WA0002-1024x682.jpg 1024w, https:\/\/fdnoaxaca.net\/wp-content\/uploads\/2026\/04\/IMG-20260429-WA0002-300x200.jpg 300w, https:\/\/fdnoaxaca.net\/wp-content\/uploads\/2026\/04\/IMG-20260429-WA0002-768x512.jpg 768w, https:\/\/fdnoaxaca.net\/wp-content\/uploads\/2026\/04\/IMG-20260429-WA0002-1536x1023.jpg 1536w, https:\/\/fdnoaxaca.net\/wp-content\/uploads\/2026\/04\/IMG-20260429-WA0002-600x400.jpg 600w, https:\/\/fdnoaxaca.net\/wp-content\/uploads\/2026\/04\/IMG-20260429-WA0002-272x182.jpg 272w, https:\/\/fdnoaxaca.net\/wp-content\/uploads\/2026\/04\/IMG-20260429-WA0002.jpg 1600w\" sizes=\"auto, (max-width: 1024px) 100vw, 1024px\" \/><\/figure>\n\n\n\n<p>El foro fue organizado por el Instituto Estatal Electoral y de Participaci\u00f3n Ciudadana de Oaxaca (IEEPCO), en coordinaci\u00f3n con la Secretar\u00eda de Interculturalidad, Pueblos y Comunidades Ind\u00edgenas y Afromexicanas (SIPCIA), en su calidad de \u00f3rgano t\u00e9cnico, as\u00ed como con la Defensor\u00eda de los Derechos Humanos del Pueblo de Oaxaca (DDHPO), como \u00f3rgano garante. Los \u00faltimos dos foros se realizar\u00e1n el 6 de mayo en Miahuatl\u00e1n de Porfirio D\u00edaz y el 8 de mayo en Oaxaca de Ju\u00e1rez.<\/p>\n\n\n\n<figure class=\"wp-block-image size-large\"><img loading=\"lazy\" decoding=\"async\" width=\"1024\" height=\"682\" src=\"https:\/\/fdnoaxaca.net\/wp-content\/uploads\/2026\/04\/IMG-20260429-WA0004-1024x682.jpg\" alt=\"\" class=\"wp-image-19475\" srcset=\"https:\/\/fdnoaxaca.net\/wp-content\/uploads\/2026\/04\/IMG-20260429-WA0004-1024x682.jpg 1024w, https:\/\/fdnoaxaca.net\/wp-content\/uploads\/2026\/04\/IMG-20260429-WA0004-300x200.jpg 300w, https:\/\/fdnoaxaca.net\/wp-content\/uploads\/2026\/04\/IMG-20260429-WA0004-768x512.jpg 768w, https:\/\/fdnoaxaca.net\/wp-content\/uploads\/2026\/04\/IMG-20260429-WA0004-1536x1023.jpg 1536w, https:\/\/fdnoaxaca.net\/wp-content\/uploads\/2026\/04\/IMG-20260429-WA0004-600x400.jpg 600w, https:\/\/fdnoaxaca.net\/wp-content\/uploads\/2026\/04\/IMG-20260429-WA0004-272x182.jpg 272w, https:\/\/fdnoaxaca.net\/wp-content\/uploads\/2026\/04\/IMG-20260429-WA0004.jpg 1600w\" sizes=\"auto, (max-width: 1024px) 100vw, 1024px\" \/><\/figure>\n\n\n\n<p>Las autoridades municipales que no han podido asistir a los foros podr\u00e1n enviar su opini\u00f3n a trav\u00e9s del \u201cCuadernillo de Opini\u00f3n\u201d hasta el 8 de mayo, el cual deber\u00e1 remitirse a la Oficial\u00eda de Partes del IEEPCO.&nbsp;<\/p>\n\n\n\n<p>De igual forma, las personas ind\u00edgenas y afromexicanas sujetas a consulta pueden participar mediante el correo electr\u00f3nico&nbsp;<a href=\"mailto:consulta@ieepco.mx\" target=\"_blank\" rel=\"noreferrer noopener\">consulta@ieepco.mx<\/a>, as\u00ed como a trav\u00e9s de llamadas o mensajes de WhatsApp o Telegram a los n\u00fameros 951 119 62 34, 951 123 22 77 y 951 557 68 64. Tambi\u00e9n pueden comunicarse con la Direcci\u00f3n Ejecutiva de Educaci\u00f3n C\u00edvica y Participaci\u00f3n Ciudadana al tel\u00e9fono 951 502 06 30, extensi\u00f3n 225.<\/p>\n\n\n\n<p>A este foro regional tambi\u00e9n asistieron las consejeras electorales Jessica Jazibe Hern\u00e1ndez Garc\u00eda y Gabriela Fernanda Espinoza Blancas; la encargada de despacho de la Direcci\u00f3n Ejecutiva de Educaci\u00f3n C\u00edvica y Participaci\u00f3n Ciudadana, Carolina Mar\u00eda V\u00e1squez Garc\u00eda; por parte de la SIPCIA, el jefe del Departamento de Consulta Previa, Libre e Informada, Luis Francisco Ib\u00e1\u00f1ez Arrazola; y por la DDHPO, el defensor adjunto Benedicto Salinas Hern\u00e1ndez.<\/p>\n","protected":false},"excerpt":{"rendered":"<p>Oaxaca, Oax., 28 de abril de 2026.-Zimatl\u00e1n de \u00c1lvarez fue sede del d\u00e9cimo cuarto foro regional correspondiente a la etapa consultiva de la consulta previa, libre, informada, de buena fe y culturalmente adecuada, dirigida a personas, pueblos y comunidades ind\u00edgenas y afromexicanas. En el acto de bienvenida, el presidente municipal de Zimatl\u00e1n de \u00c1lvarez, Javier&#8230;<\/p>\n","protected":false},"author":4,"featured_media":19476,"comment_status":"closed","ping_status":"closed","sticky":false,"template":"","format":"standard","meta":{"footnotes":""},"categories":[4],"tags":[],"class_list":["post-19472","post","type-post","status-publish","format-standard","has-post-thumbnail","hentry","category-general"],"_links":{"self":[{"href":"https:\/\/fdnoaxaca.net\/index.php\/wp-json\/wp\/v2\/posts\/19472","targetHints":{"allow":["GET"]}}],"collection":[{"href":"https:\/\/fdnoaxaca.net\/index.php\/wp-json\/wp\/v2\/posts"}],"about":[{"href":"https:\/\/fdnoaxaca.net\/index.php\/wp-json\/wp\/v2\/types\/post"}],"author":[{"embeddable":true,"href":"https:\/\/fdnoaxaca.net\/index.php\/wp-json\/wp\/v2\/users\/4"}],"replies":[{"embeddable":true,"href":"https:\/\/fdnoaxaca.net\/index.php\/wp-json\/wp\/v2\/comments?post=19472"}],"version-history":[{"count":1,"href":"https:\/\/fdnoaxaca.net\/index.php\/wp-json\/wp\/v2\/posts\/19472\/revisions"}],"predecessor-version":[{"id":19477,"href":"https:\/\/fdnoaxaca.net\/index.php\/wp-json\/wp\/v2\/posts\/19472\/revisions\/19477"}],"wp:featuredmedia":[{"embeddable":true,"href":"https:\/\/fdnoaxaca.net\/index.php\/wp-json\/wp\/v2\/media\/19476"}],"wp:attachment":[{"href":"https:\/\/fdnoaxaca.net\/index.php\/wp-json\/wp\/v2\/media?parent=19472"}],"wp:term":[{"taxonomy":"category","embeddable":true,"href":"https:\/\/fdnoaxaca.net\/index.php\/wp-json\/wp\/v2\/categories?post=19472"},{"taxonomy":"post_tag","embeddable":true,"href":"https:\/\/fdnoaxaca.net\/index.php\/wp-json\/wp\/v2\/tags?post=19472"}],"curies":[{"name":"wp","href":"https:\/\/api.w.org\/{rel}","templated":true}]}}