{"id":19482,"date":"2026-04-29T16:43:54","date_gmt":"2026-04-29T21:43:54","guid":{"rendered":"https:\/\/fdnoaxaca.net\/?p=19482"},"modified":"2026-04-29T16:43:57","modified_gmt":"2026-04-29T21:43:57","slug":"detienen-a-dos-personas-por-homicidio-de-sindico-municipal-de-la-mixteca","status":"publish","type":"post","link":"https:\/\/fdnoaxaca.net\/index.php\/2026\/04\/29\/detienen-a-dos-personas-por-homicidio-de-sindico-municipal-de-la-mixteca\/","title":{"rendered":"Detienen a dos personas por homicidio de s\u00edndico municipal de la Mixteca"},"content":{"rendered":"\n<p>Oaxaca de Ju\u00e1rez, Oax., 29 de abril de 2026.- La Fiscal\u00eda General del Estado de Oaxaca (FGEO) y el Gabinete de Seguridad detuvieron a L. \u00c1. M. R. y J. R. F. o J. M. G. M., se\u00f1alados como presuntos responsables del homicidio de F.C.G., quien se desempe\u00f1aba como S\u00edndico de Zaragoza Yucunicoco.<\/p>\n\n\n\n<p>La respuesta institucional se activ\u00f3 tras los hechos registrados el 12 de abril de 2026, en la carretera local n\u00famero 15, tramo Santiago Juxtlahuaca-Putla de Guerrero, donde la v\u00edctima fue interceptada y agredida con armas de fuego largas.&nbsp;<\/p>\n\n\n\n<p>Derivado de la investigaci\u00f3n criminal, la Vicefiscal\u00eda Regional de la Mixteca obtuvo las \u00f3rdenes de aprehensi\u00f3n que permitieron la detenci\u00f3n legal de L. \u00c1. M. R. y J. R. F. o J. M. G. M.<\/p>\n\n\n\n<p>Tras ser presentados ante el Juez de Control, los imputados fueron vinculados a proceso bajo la medida cautelar de prisi\u00f3n preventiva.<\/p>\n","protected":false},"excerpt":{"rendered":"<p>Oaxaca de Ju\u00e1rez, Oax., 29 de abril de 2026.- La Fiscal\u00eda General del Estado de Oaxaca (FGEO) y el Gabinete de Seguridad detuvieron a L. \u00c1. M. R. y J. R. F. o J. M. G. M., se\u00f1alados como presuntos responsables del homicidio de F.C.G., quien se desempe\u00f1aba como S\u00edndico de Zaragoza Yucunicoco. La respuesta&#8230;<\/p>\n","protected":false},"author":4,"featured_media":18733,"comment_status":"closed","ping_status":"closed","sticky":false,"template":"","format":"standard","meta":{"footnotes":""},"categories":[4],"tags":[],"class_list":["post-19482","post","type-post","status-publish","format-standard","has-post-thumbnail","hentry","category-general"],"_links":{"self":[{"href":"https:\/\/fdnoaxaca.net\/index.php\/wp-json\/wp\/v2\/posts\/19482","targetHints":{"allow":["GET"]}}],"collection":[{"href":"https:\/\/fdnoaxaca.net\/index.php\/wp-json\/wp\/v2\/posts"}],"about":[{"href":"https:\/\/fdnoaxaca.net\/index.php\/wp-json\/wp\/v2\/types\/post"}],"author":[{"embeddable":true,"href":"https:\/\/fdnoaxaca.net\/index.php\/wp-json\/wp\/v2\/users\/4"}],"replies":[{"embeddable":true,"href":"https:\/\/fdnoaxaca.net\/index.php\/wp-json\/wp\/v2\/comments?post=19482"}],"version-history":[{"count":1,"href":"https:\/\/fdnoaxaca.net\/index.php\/wp-json\/wp\/v2\/posts\/19482\/revisions"}],"predecessor-version":[{"id":19483,"href":"https:\/\/fdnoaxaca.net\/index.php\/wp-json\/wp\/v2\/posts\/19482\/revisions\/19483"}],"wp:featuredmedia":[{"embeddable":true,"href":"https:\/\/fdnoaxaca.net\/index.php\/wp-json\/wp\/v2\/media\/18733"}],"wp:attachment":[{"href":"https:\/\/fdnoaxaca.net\/index.php\/wp-json\/wp\/v2\/media?parent=19482"}],"wp:term":[{"taxonomy":"category","embeddable":true,"href":"https:\/\/fdnoaxaca.net\/index.php\/wp-json\/wp\/v2\/categories?post=19482"},{"taxonomy":"post_tag","embeddable":true,"href":"https:\/\/fdnoaxaca.net\/index.php\/wp-json\/wp\/v2\/tags?post=19482"}],"curies":[{"name":"wp","href":"https:\/\/api.w.org\/{rel}","templated":true}]}}