{"id":19488,"date":"2026-04-30T11:33:18","date_gmt":"2026-04-30T16:33:18","guid":{"rendered":"https:\/\/fdnoaxaca.net\/?p=19488"},"modified":"2026-04-30T11:33:20","modified_gmt":"2026-04-30T16:33:20","slug":"aprueba-ieepco-medidas-de-racionalidad-austeridad-y-disciplina-presupuestaria","status":"publish","type":"post","link":"https:\/\/fdnoaxaca.net\/index.php\/2026\/04\/30\/aprueba-ieepco-medidas-de-racionalidad-austeridad-y-disciplina-presupuestaria\/","title":{"rendered":"Aprueba IEEPCO medidas de racionalidad, austeridad y disciplina presupuestaria\u00a0"},"content":{"rendered":"\n<p>Oaxaca, Oax., 30 de abril de 2026.- La Junta General Ejecutiva del Instituto Estatal Electoral y de Participaci\u00f3n Ciudadana de Oaxaca (IEEPCO) celebr\u00f3 su sesi\u00f3n ordinaria correspondiente a abril, en la que se aprobaron acuerdos vinculados al seguimiento administrativo y se presentaron informes de las \u00e1reas que integran este \u00f3rgano electoral, en apego a los principios de transparencia, m\u00e1xima publicidad, rendici\u00f3n de cuentas y legalidad que rigen la funci\u00f3n electoral.<\/p>\n\n\n\n<p>Como primer punto del orden del d\u00eda, se aprobaron las medidas de racionalidad, austeridad y disciplina presupuestaria, en cumplimiento de lo establecido en la Ley Estatal de Presupuesto y Responsabilidad Hacendaria, as\u00ed como en el Decreto de Presupuesto de Egresos del Estado de Oaxaca para el ejercicio fiscal 2026. Estas acciones reafirman el compromiso institucional con el uso eficiente, responsable y transparente de los recursos p\u00fablicos.<\/p>\n\n\n\n<p>En su intervenci\u00f3n el secretario ejecutivo, Graciano Alejandro Prats Rojas, precis\u00f3 que estas medidas se adoptar\u00e1n debido a que el presupuesto autorizado al Instituto fue menor al solicitado, registrando una reducci\u00f3n significativa que obliga a optimizar el uso de los recursos p\u00fablicos sin comprometer el cumplimiento de sus funciones constitucionales.<\/p>\n\n\n\n<p>\u201cEntre las principales medidas adoptadas se encuentran la contenci\u00f3n del gasto en servicios personales, mediante la restricci\u00f3n en la creaci\u00f3n de nuevas plazas y el aprovechamiento de vacantes; la racionalizaci\u00f3n de adquisiciones, arrendamientos y uso de bienes, privilegiando \u00fanicamente lo indispensable; as\u00ed como la implementaci\u00f3n de pr\u00e1cticas de ahorro en servicios generales, tales como el uso eficiente de energ\u00eda el\u00e9ctrica, agua, telefon\u00eda, internet y materiales de oficina\u201d, finaliz\u00f3.&nbsp;<\/p>\n\n\n\n<p>Posteriormente, se aprob\u00f3 el acta de la sesi\u00f3n de la Junta General Ejecutiva de fecha 23 de marzo del presente a\u00f1o, garantizando con ello la debida continuidad y certeza en los trabajos institucionales.<\/p>\n\n\n\n<p>En seguimiento al orden del d\u00eda, los titulares y encargados de despacho de las direcciones ejecutivas y unidades t\u00e9cnicas rindieron informes sobre las actividades realizadas durante el periodo comprendido del 16 de marzo al 15 de abril de 2026, fortaleciendo los mecanismos de rendici\u00f3n de cuentas y el acceso a la informaci\u00f3n p\u00fablica.<\/p>\n\n\n\n<p>Al respecto, la consejera presidente del Instituto y de la Junta General Ejecutiva, Elizabeth S\u00e1nchez Gonz\u00e1lez, reconoci\u00f3 el desempe\u00f1o profesional del personal del \u00f3rgano electoral y destac\u00f3 que la instituci\u00f3n enfrenta nuevos retos que demandan la experiencia, compromiso y vocaci\u00f3n de servicio del funcionariado.<\/p>\n\n\n\n<p>En ese sentido, solicit\u00f3 al secretario ejecutivo coordinar a las diversas \u00e1reas del Instituto con el objetivo de identificar propuestas concretas y espec\u00edficas en reformas legislativas que faciliten operativamente la organizaci\u00f3n de las elecciones judiciales 2027.&nbsp;<\/p>\n\n\n\n<p>En la sesi\u00f3n participaron: el coordinador administrativo, Jos\u00e9 Manuel Dom\u00ednguez Morales; as\u00ed como las personas encargadas de despacho de diversas direcciones ejecutivas: Carolina Mar\u00eda V\u00e1squez Garc\u00eda, de Educaci\u00f3n C\u00edvica y Participaci\u00f3n Ciudadana; Ariadna Cruz Ortiz, de Sistemas Normativos Ind\u00edgenas; Irving Arturo Robles Godina, de Organizaci\u00f3n y Capacitaci\u00f3n Electoral; y Alejandra Silva Soriano, de Partidos Pol\u00edticos, Prerrogativas y Candidaturas Independientes.<\/p>\n\n\n\n<p>Asimismo, asistieron las personas responsables de las unidades t\u00e9cnicas: Luisa Anah\u00ed Galindo Velazco, de la Unidad T\u00e9cnica Jur\u00eddica y de lo Contencioso; Pedro Francisco Celis Mendoza, de Servicios de Inform\u00e1tica y Documentaci\u00f3n; Jaquelina Mariana Escamilla Villanueva, de Comunicaci\u00f3n Social; Altagracia Mart\u00ednez Mendoza, de la Unidad para la Igualdad de G\u00e9nero y No Discriminaci\u00f3n; Erick L\u00f3pez Gonz\u00e1lez, de Transparencia y Acceso a la Informaci\u00f3n; y Salvador S\u00e1nchez Pablo, Titular de Atenci\u00f3n a Personas Originarias de Oaxaca Residentes en el Extranjero.<\/p>\n","protected":false},"excerpt":{"rendered":"<p>Oaxaca, Oax., 30 de abril de 2026.- La Junta General Ejecutiva del Instituto Estatal Electoral y de Participaci\u00f3n Ciudadana de Oaxaca (IEEPCO) celebr\u00f3 su sesi\u00f3n ordinaria correspondiente a abril, en la que se aprobaron acuerdos vinculados al seguimiento administrativo y se presentaron informes de las \u00e1reas que integran este \u00f3rgano electoral, en apego a los&#8230;<\/p>\n","protected":false},"author":4,"featured_media":19489,"comment_status":"closed","ping_status":"closed","sticky":false,"template":"","format":"standard","meta":{"footnotes":""},"categories":[4],"tags":[],"class_list":["post-19488","post","type-post","status-publish","format-standard","has-post-thumbnail","hentry","category-general"],"_links":{"self":[{"href":"https:\/\/fdnoaxaca.net\/index.php\/wp-json\/wp\/v2\/posts\/19488","targetHints":{"allow":["GET"]}}],"collection":[{"href":"https:\/\/fdnoaxaca.net\/index.php\/wp-json\/wp\/v2\/posts"}],"about":[{"href":"https:\/\/fdnoaxaca.net\/index.php\/wp-json\/wp\/v2\/types\/post"}],"author":[{"embeddable":true,"href":"https:\/\/fdnoaxaca.net\/index.php\/wp-json\/wp\/v2\/users\/4"}],"replies":[{"embeddable":true,"href":"https:\/\/fdnoaxaca.net\/index.php\/wp-json\/wp\/v2\/comments?post=19488"}],"version-history":[{"count":1,"href":"https:\/\/fdnoaxaca.net\/index.php\/wp-json\/wp\/v2\/posts\/19488\/revisions"}],"predecessor-version":[{"id":19490,"href":"https:\/\/fdnoaxaca.net\/index.php\/wp-json\/wp\/v2\/posts\/19488\/revisions\/19490"}],"wp:featuredmedia":[{"embeddable":true,"href":"https:\/\/fdnoaxaca.net\/index.php\/wp-json\/wp\/v2\/media\/19489"}],"wp:attachment":[{"href":"https:\/\/fdnoaxaca.net\/index.php\/wp-json\/wp\/v2\/media?parent=19488"}],"wp:term":[{"taxonomy":"category","embeddable":true,"href":"https:\/\/fdnoaxaca.net\/index.php\/wp-json\/wp\/v2\/categories?post=19488"},{"taxonomy":"post_tag","embeddable":true,"href":"https:\/\/fdnoaxaca.net\/index.php\/wp-json\/wp\/v2\/tags?post=19488"}],"curies":[{"name":"wp","href":"https:\/\/api.w.org\/{rel}","templated":true}]}}