{"id":19492,"date":"2026-04-30T13:09:39","date_gmt":"2026-04-30T18:09:39","guid":{"rendered":"https:\/\/fdnoaxaca.net\/?p=19492"},"modified":"2026-04-30T13:09:42","modified_gmt":"2026-04-30T18:09:42","slug":"se-registran-candidatos-a-rector-de-la-uabjo","status":"publish","type":"post","link":"https:\/\/fdnoaxaca.net\/index.php\/2026\/04\/30\/se-registran-candidatos-a-rector-de-la-uabjo\/","title":{"rendered":"Se registran candidatos a rector de la UABJO"},"content":{"rendered":"\n<p>Oaxaca, Oax., 30 de abril de 2026.- A 13 d\u00edas de la elecci\u00f3n de rector de la Universidad Aut\u00f3noma Benito Ju\u00e1rez de Oaxaca (UABJO), este jueves se registraron los aspirantes a presidir esta instituci\u00f3n p\u00fablica que abarca los niveles de educaci\u00f3n media superior y superior.<\/p>\n\n\n\n<p>En la sede de la Facultad de Bellas Artes, en el centro hist\u00f3rico de la capital de Oaxaca, se registr\u00f3 como&nbsp; candidato el catedr\u00e1tico Alexander P\u00e9rez Carrera, quien adem\u00e1s denunci\u00f3 actos anticipados de campa\u00f1a por parte de los dem\u00e1s aspirantes.<\/p>\n\n\n\n<p>De igual manera, se registr\u00f3 como candidato a rector, el exsecretario de Finanzas del actual gobierno del ejecutivo Salom\u00f3n Jara Cruz, Farid Acevedo L\u00f3pez.<\/p>\n\n\n\n<p>Posteriormente, el docente Enrique Mart\u00ednez Mart\u00ednez, quien tambi\u00e9n aspira a la rector\u00eda de la UABJO.<\/p>\n\n\n\n<p>El registro de candidatos es este 30 de abril, y la elecci\u00f3n ser\u00e1 el 13 de mayo del presente a\u00f1o, en cada una de las escuelas, facultades, institutos y dependendencias administrativas, en un horario de 8:00 a 18:00 horas.<\/p>\n\n\n\n<p>La renovaci\u00f3n de la rector\u00eda es para el periodo de 2026 a 2030.<\/p>\n","protected":false},"excerpt":{"rendered":"<p>Oaxaca, Oax., 30 de abril de 2026.- A 13 d\u00edas de la elecci\u00f3n de rector de la Universidad Aut\u00f3noma Benito Ju\u00e1rez de Oaxaca (UABJO), este jueves se registraron los aspirantes a presidir esta instituci\u00f3n p\u00fablica que abarca los niveles de educaci\u00f3n media superior y superior. En la sede de la Facultad de Bellas Artes, en&#8230;<\/p>\n","protected":false},"author":4,"featured_media":19493,"comment_status":"closed","ping_status":"closed","sticky":false,"template":"","format":"standard","meta":{"footnotes":""},"categories":[49],"tags":[],"class_list":["post-19492","post","type-post","status-publish","format-standard","has-post-thumbnail","hentry","category-titulares"],"_links":{"self":[{"href":"https:\/\/fdnoaxaca.net\/index.php\/wp-json\/wp\/v2\/posts\/19492","targetHints":{"allow":["GET"]}}],"collection":[{"href":"https:\/\/fdnoaxaca.net\/index.php\/wp-json\/wp\/v2\/posts"}],"about":[{"href":"https:\/\/fdnoaxaca.net\/index.php\/wp-json\/wp\/v2\/types\/post"}],"author":[{"embeddable":true,"href":"https:\/\/fdnoaxaca.net\/index.php\/wp-json\/wp\/v2\/users\/4"}],"replies":[{"embeddable":true,"href":"https:\/\/fdnoaxaca.net\/index.php\/wp-json\/wp\/v2\/comments?post=19492"}],"version-history":[{"count":1,"href":"https:\/\/fdnoaxaca.net\/index.php\/wp-json\/wp\/v2\/posts\/19492\/revisions"}],"predecessor-version":[{"id":19494,"href":"https:\/\/fdnoaxaca.net\/index.php\/wp-json\/wp\/v2\/posts\/19492\/revisions\/19494"}],"wp:featuredmedia":[{"embeddable":true,"href":"https:\/\/fdnoaxaca.net\/index.php\/wp-json\/wp\/v2\/media\/19493"}],"wp:attachment":[{"href":"https:\/\/fdnoaxaca.net\/index.php\/wp-json\/wp\/v2\/media?parent=19492"}],"wp:term":[{"taxonomy":"category","embeddable":true,"href":"https:\/\/fdnoaxaca.net\/index.php\/wp-json\/wp\/v2\/categories?post=19492"},{"taxonomy":"post_tag","embeddable":true,"href":"https:\/\/fdnoaxaca.net\/index.php\/wp-json\/wp\/v2\/tags?post=19492"}],"curies":[{"name":"wp","href":"https:\/\/api.w.org\/{rel}","templated":true}]}}