{"id":19504,"date":"2026-05-01T17:29:08","date_gmt":"2026-05-01T22:29:08","guid":{"rendered":"https:\/\/fdnoaxaca.net\/?p=19504"},"modified":"2026-05-01T17:29:10","modified_gmt":"2026-05-01T22:29:10","slug":"dia-del-trabajo-en-oaxaca-trifulca-quema-de-gorras-y-consignas-contra-gobernador","status":"publish","type":"post","link":"https:\/\/fdnoaxaca.net\/index.php\/2026\/05\/01\/dia-del-trabajo-en-oaxaca-trifulca-quema-de-gorras-y-consignas-contra-gobernador\/","title":{"rendered":"D\u00eda del Trabajo en Oaxaca: trifulca, quema de gorras y consignas contra Gobernador\u00a0"},"content":{"rendered":"\n<p>Juan Carlos Zavala \/ Estado 20<\/p>\n\n\n\n<p>Oaxaca, Oax., 1 de mayo de 2026.- Trabajadores del gobierno del estado adheridos al STEPIDCEO se enfrentaron a golpes durante la marcha realizada en la ciudad de Oaxaca para conmemorar el D\u00eda Internacional del Trabajo; la pelea se registr\u00f3 en las calles del centro de la capital oaxaque\u00f1a.<\/p>\n\n\n\n<p>Las diferencias entre un grupo de trabajadores y la dirigencia sindical llegaron a los golpes; posteriormente, los primeros prendieron fuego a sus pancartas y gorras conmemorativas frente al palacio de gobierno, mientras gritaban consignas contra el gobernador Salom\u00f3n Jara Cruz y su gobierno.<\/p>\n\n\n\n<p>Una de las principales causas de la ruptura entre los sindicalizados con los dirigentes sindicales, es la irregularidad e incremento en el cobro del Impuesto Sobre la Renta (ISR) directamente a su salario; aseguran que el gobierno de Oaxaca realiza una doble tributaci\u00f3n, lo que afecta a sus ingresos.<\/p>\n\n\n\n<p>Horas m\u00e1s tarde, tambi\u00e9n marcharon los agremiados a la Secci\u00f3n 22 del Sindicato Nacional de Trabajadores de la Educaci\u00f3n (SNTE), quienes ya acordaron una huelga nacional junto con las secciones sindicales que forman parte de la Coordinadora Nacional de Trabajadores de la Educaci\u00f3n (CNTE).<\/p>\n\n\n\n<p>Yenny Aracely P\u00e9rez Mart\u00ednez, secretaria general de la Secci\u00f3n 22 de SNTE, inform\u00f3 que hasta la pr\u00f3xima asamblea general se definir\u00e1 la fecha de inicio de la huelga nacional; pero adelant\u00f3 que probablemente sea el 25 de mayo o el 1 de junio de 2026.<\/p>\n\n\n\n<p>Por su parte, la Secci\u00f3n 35 del Sindicato Nacional de Trabajadores de la Secretar\u00eda de Salud (SNTSA) denunci\u00f3 que todas las unidades hospitalarias en Oaxaca carecen de medicamentos e insumos para atender a los pacientes o usuarios de los servicios de salud; y advirtieron el deterioro de la infraestructura de los hospitales y centros de salud.<\/p>\n","protected":false},"excerpt":{"rendered":"<p>Juan Carlos Zavala \/ Estado 20 Oaxaca, Oax., 1 de mayo de 2026.- Trabajadores del gobierno del estado adheridos al STEPIDCEO se enfrentaron a golpes durante la marcha realizada en la ciudad de Oaxaca para conmemorar el D\u00eda Internacional del Trabajo; la pelea se registr\u00f3 en las calles del centro de la capital oaxaque\u00f1a. Las&#8230;<\/p>\n","protected":false},"author":4,"featured_media":19505,"comment_status":"closed","ping_status":"closed","sticky":false,"template":"","format":"standard","meta":{"footnotes":""},"categories":[49],"tags":[],"class_list":["post-19504","post","type-post","status-publish","format-standard","has-post-thumbnail","hentry","category-titulares"],"_links":{"self":[{"href":"https:\/\/fdnoaxaca.net\/index.php\/wp-json\/wp\/v2\/posts\/19504","targetHints":{"allow":["GET"]}}],"collection":[{"href":"https:\/\/fdnoaxaca.net\/index.php\/wp-json\/wp\/v2\/posts"}],"about":[{"href":"https:\/\/fdnoaxaca.net\/index.php\/wp-json\/wp\/v2\/types\/post"}],"author":[{"embeddable":true,"href":"https:\/\/fdnoaxaca.net\/index.php\/wp-json\/wp\/v2\/users\/4"}],"replies":[{"embeddable":true,"href":"https:\/\/fdnoaxaca.net\/index.php\/wp-json\/wp\/v2\/comments?post=19504"}],"version-history":[{"count":1,"href":"https:\/\/fdnoaxaca.net\/index.php\/wp-json\/wp\/v2\/posts\/19504\/revisions"}],"predecessor-version":[{"id":19506,"href":"https:\/\/fdnoaxaca.net\/index.php\/wp-json\/wp\/v2\/posts\/19504\/revisions\/19506"}],"wp:featuredmedia":[{"embeddable":true,"href":"https:\/\/fdnoaxaca.net\/index.php\/wp-json\/wp\/v2\/media\/19505"}],"wp:attachment":[{"href":"https:\/\/fdnoaxaca.net\/index.php\/wp-json\/wp\/v2\/media?parent=19504"}],"wp:term":[{"taxonomy":"category","embeddable":true,"href":"https:\/\/fdnoaxaca.net\/index.php\/wp-json\/wp\/v2\/categories?post=19504"},{"taxonomy":"post_tag","embeddable":true,"href":"https:\/\/fdnoaxaca.net\/index.php\/wp-json\/wp\/v2\/tags?post=19504"}],"curies":[{"name":"wp","href":"https:\/\/api.w.org\/{rel}","templated":true}]}}