{"id":20443,"date":"2026-09-01T10:51:49","date_gmt":"2026-09-01T15:51:49","guid":{"rendered":"https:\/\/fdnoaxaca.net\/?p=20443"},"modified":"2026-09-01T10:51:51","modified_gmt":"2026-09-01T15:51:51","slug":"inicia-el-nuevo-ciclo-escolar-en-escuelas-de-educacion-basica-en-oaxaca","status":"publish","type":"post","link":"https:\/\/fdnoaxaca.net\/index.php\/2026\/09\/01\/inicia-el-nuevo-ciclo-escolar-en-escuelas-de-educacion-basica-en-oaxaca\/","title":{"rendered":"Inicia el nuevo ciclo escolar en escuelas de educaci\u00f3n b\u00e1sica en Oaxaca\u00a0"},"content":{"rendered":"\n<p>Lizbeth Flores Barrera&nbsp;<\/p>\n\n\n\n<p>Oaxaca, Oax., 1 de septiembre de 2026.- En calma, inici\u00f3 el ciclo escolar 2026-2027 en las escuelas p\u00fablicas y privadas del nivel de educaci\u00f3n b\u00e1sica en Oaxaca.<\/p>\n\n\n\n<p>Conforme al calendario escolar de la Secretar\u00eda de Educaci\u00f3n P\u00fablica (SEP), el 31 de agosto del presente a\u00f1o, se reanudaron las clases.<\/p>\n\n\n\n<p>En los planteles se realiz\u00f3 el acto c\u00edvico para rendir homenaje a la Bandera de M\u00e9xico, con lo cual las autoridades educativas de cada instituci\u00f3n aperturaron el ciclo.<\/p>\n\n\n\n<p>Dicho regreso a las aulas y la incorporaci\u00f3n de los alumnos de nuevo ingreso en preescolar, primaria y secundaria, se desarroll\u00f3 en calma.<\/p>\n\n\n\n<p>Se estima una matr\u00edcula de 800 mil estudiantes de educaci\u00f3n b\u00e1sica en las escuelas p\u00fablicas y privadas del nivel educativo b\u00e1sico en Oaxaca.<\/p>\n","protected":false},"excerpt":{"rendered":"<p>Lizbeth Flores Barrera&nbsp; Oaxaca, Oax., 1 de septiembre de 2026.- En calma, inici\u00f3 el ciclo escolar 2026-2027 en las escuelas p\u00fablicas y privadas del nivel de educaci\u00f3n b\u00e1sica en Oaxaca. Conforme al calendario escolar de la Secretar\u00eda de Educaci\u00f3n P\u00fablica (SEP), el 31 de agosto del presente a\u00f1o, se reanudaron las clases. En los planteles&#8230;<\/p>\n","protected":false},"author":4,"featured_media":20444,"comment_status":"closed","ping_status":"closed","sticky":false,"template":"","format":"standard","meta":{"footnotes":""},"categories":[49],"tags":[],"class_list":["post-20443","post","type-post","status-publish","format-standard","has-post-thumbnail","hentry","category-titulares"],"_links":{"self":[{"href":"https:\/\/fdnoaxaca.net\/index.php\/wp-json\/wp\/v2\/posts\/20443","targetHints":{"allow":["GET"]}}],"collection":[{"href":"https:\/\/fdnoaxaca.net\/index.php\/wp-json\/wp\/v2\/posts"}],"about":[{"href":"https:\/\/fdnoaxaca.net\/index.php\/wp-json\/wp\/v2\/types\/post"}],"author":[{"embeddable":true,"href":"https:\/\/fdnoaxaca.net\/index.php\/wp-json\/wp\/v2\/users\/4"}],"replies":[{"embeddable":true,"href":"https:\/\/fdnoaxaca.net\/index.php\/wp-json\/wp\/v2\/comments?post=20443"}],"version-history":[{"count":1,"href":"https:\/\/fdnoaxaca.net\/index.php\/wp-json\/wp\/v2\/posts\/20443\/revisions"}],"predecessor-version":[{"id":20445,"href":"https:\/\/fdnoaxaca.net\/index.php\/wp-json\/wp\/v2\/posts\/20443\/revisions\/20445"}],"wp:featuredmedia":[{"embeddable":true,"href":"https:\/\/fdnoaxaca.net\/index.php\/wp-json\/wp\/v2\/media\/20444"}],"wp:attachment":[{"href":"https:\/\/fdnoaxaca.net\/index.php\/wp-json\/wp\/v2\/media?parent=20443"}],"wp:term":[{"taxonomy":"category","embeddable":true,"href":"https:\/\/fdnoaxaca.net\/index.php\/wp-json\/wp\/v2\/categories?post=20443"},{"taxonomy":"post_tag","embeddable":true,"href":"https:\/\/fdnoaxaca.net\/index.php\/wp-json\/wp\/v2\/tags?post=20443"}],"curies":[{"name":"wp","href":"https:\/\/api.w.org\/{rel}","templated":true}]}}