{"id":20455,"date":"2026-09-02T22:36:43","date_gmt":"2026-09-03T03:36:43","guid":{"rendered":"https:\/\/fdnoaxaca.net\/?p=20455"},"modified":"2026-09-02T22:36:45","modified_gmt":"2026-09-03T03:36:45","slug":"entrega-ieepco-reconocimientos-al-merito-migrante-2026","status":"publish","type":"post","link":"https:\/\/fdnoaxaca.net\/index.php\/2026\/09\/02\/entrega-ieepco-reconocimientos-al-merito-migrante-2026\/","title":{"rendered":"Entrega IEEPCO reconocimientos al M\u00e9rito Migrante 2026"},"content":{"rendered":"\n<p>Oaxaca, Oax., 2 de septiembre de 2026.- En el marco de la conmemoraci\u00f3n del D\u00eda de la Persona Migrante Oaxaque\u00f1a, el Instituto Estatal Electoral y de Participaci\u00f3n Ciudadana de Oaxaca (IEEPCO), a trav\u00e9s de la Comisi\u00f3n Permanente de Atenci\u00f3n de las Personas Residentes en el Extranjero Originarias del Estado de Oaxaca, llev\u00f3 a cabo la ceremonia de entrega de reconocimientos al M\u00e9rito Migrante 2026.<\/p>\n\n\n\n<p>Esta distinci\u00f3n tiene como prop\u00f3sito reconocer a personas, colectivos y organizaciones cuya labor sobresaliente ha contribuido al bienestar, desarrollo, participaci\u00f3n y fortalecimiento de la comunidad migrante oaxaque\u00f1a, as\u00ed como a la preservaci\u00f3n de sus ra\u00edces, costumbres y expresiones culturales.<\/p>\n\n\n\n<p>Durante la ceremonia fueron reconocidas en la categor\u00eda M\u00e9rito Cultural, Alma Delia Guzm\u00e1n, en representaci\u00f3n de \u201cOaxaca en San Francisco\u201d; en la categor\u00eda M\u00e9rito en la Promoci\u00f3n de los Derechos Pol\u00edtico-Electorales, Antonio Cort\u00e9s Garc\u00eda, en representaci\u00f3n de la Mesa Directiva de Santa Mar\u00eda Tind\u00fa; y en la categor\u00eda M\u00e9rito C\u00edvico, Teresa Vivar.<\/p>\n\n\n\n<p>En su mensaje de bienvenida, la consejera electoral y presidente de la Comisi\u00f3n Permanente de Atenci\u00f3n de las Personas Residentes en el Extranjero Originarias del Estado de Oaxaca, Zaira Alhel\u00ed Hip\u00f3lito L\u00f3pez, destac\u00f3 la importancia de reconocer y visibilizar las aportaciones que realizan los migrantes tanto en los lugares donde residen como en sus comunidades de origen.<\/p>\n\n\n\n<figure class=\"wp-block-image size-large\"><img loading=\"lazy\" decoding=\"async\" width=\"1024\" height=\"682\" src=\"https:\/\/fdnoaxaca.net\/wp-content\/uploads\/2026\/09\/IMG-20260902-WA0037-1024x682.jpg\" alt=\"\" class=\"wp-image-20457\" srcset=\"https:\/\/fdnoaxaca.net\/wp-content\/uploads\/2026\/09\/IMG-20260902-WA0037-1024x682.jpg 1024w, https:\/\/fdnoaxaca.net\/wp-content\/uploads\/2026\/09\/IMG-20260902-WA0037-300x200.jpg 300w, https:\/\/fdnoaxaca.net\/wp-content\/uploads\/2026\/09\/IMG-20260902-WA0037-768x512.jpg 768w, https:\/\/fdnoaxaca.net\/wp-content\/uploads\/2026\/09\/IMG-20260902-WA0037-1536x1023.jpg 1536w, https:\/\/fdnoaxaca.net\/wp-content\/uploads\/2026\/09\/IMG-20260902-WA0037-600x400.jpg 600w, https:\/\/fdnoaxaca.net\/wp-content\/uploads\/2026\/09\/IMG-20260902-WA0037-272x182.jpg 272w, https:\/\/fdnoaxaca.net\/wp-content\/uploads\/2026\/09\/IMG-20260902-WA0037.jpg 1600w\" sizes=\"auto, (max-width: 1024px) 100vw, 1024px\" \/><\/figure>\n\n\n\n<p>Por su parte, la consejera presidente del IEEPCO, Elizabeth S\u00e1nchez Gonz\u00e1lez, se\u00f1al\u00f3 que las postulaciones recibidas demuestran que la comunidad migrante oaxaque\u00f1a mantiene v\u00ednculos permanentes con el estado mediante la organizaci\u00f3n comunitaria, la participaci\u00f3n ciudadana, la cooperaci\u00f3n binacional, la promoci\u00f3n de los derechos y la preservaci\u00f3n de las lenguas, tradiciones y el patrimonio cultural.<\/p>\n\n\n\n<p>Ambas, reconocieron el trabajo de Salvador Isidro S\u00e1nchez Pablo, secretario t\u00e9cnico de la Comisi\u00f3n y titular de la Unidad T\u00e9cnica de Atenci\u00f3n de las Personas Residentes en el Extranjero Originarias del Estado de Oaxaca, as\u00ed como del equipo que acompa\u00f1\u00f3 el desarrollo de este proceso.<\/p>\n\n\n\n<p>En sus intervenciones, las personas galardonadas resaltaron el trabajo que la comunidad migrante realiza diariamente en los territorios donde reside y en beneficio de sus comunidades de origen. Tambi\u00e9n hablaron sobre los retos que enfrentan para ejercer plenamente sus derechos en el extranjero y los esfuerzos que emprenden para mantener vivas sus ra\u00edces, costumbres, lenguas y expresiones culturales.<\/p>\n\n\n\n<p>En el acto estuvieron presentes las consejeras electorales Jessica Jazibe Hern\u00e1ndez Garc\u00eda, Ana Mar\u00eda M\u00e1rquez Andr\u00e9s y Gabriela Fernanda Espinoza Blancas; los consejeros electorales Alejandro Carrasco Sampedro y Manuel Cort\u00e9s Muriedas; el encargado de despacho de la Secretar\u00eda Ejecutiva, Freddie Aguilar Aguilar; y la contralora general, Rosa Elia Vasquez Flores.<\/p>\n\n\n\n<p>Tambi\u00e9n participaron la magistrada presidente del Tribunal Electoral del Estado de Oaxaca, Sandra P\u00e9rez Cruz; la magistrada Gloria \u00c1ngeles Cruz L\u00f3pez y la magistrada en funciones F\u00e1tima Susana Toledo Gonzaga.<\/p>\n\n\n\n<p>Por parte de la Junta Local Ejecutiva del Instituto Nacional Electoral en Oaxaca asistieron la vocal secretaria, Chrysthian Ver\u00f3nica Gonz\u00e1lez Labastida, y el vocal de Organizaci\u00f3n Electoral, No\u00e9 Arroyo Morales. Asimismo, acudieron la subrepresentante federal del Instituto Nacional de Migraci\u00f3n en Oaxaca, Karen Lizzette Palacios Moreno; el agente municipal y autoridades de Santa Mar\u00eda Tind\u00fa. De manera virtual particip\u00f3 Thikiva Kimi Mariano Garc\u00eda, integrante del Comit\u00e9 Evaluador.<\/p>\n\n\n\n<p>Con la entrega de los reconocimientos al M\u00e9rito Migrante 2026, el IEEPCO refrenda su compromiso de fortalecer los v\u00ednculos con las comunidades oaxaque\u00f1as residentes en el extranjero, reconocer sus aportaciones y promover las condiciones que garanticen su participaci\u00f3n en la vida p\u00fablica, pol\u00edtica y comunitaria de Oaxaca.<\/p>\n","protected":false},"excerpt":{"rendered":"<p>Oaxaca, Oax., 2 de septiembre de 2026.- En el marco de la conmemoraci\u00f3n del D\u00eda de la Persona Migrante Oaxaque\u00f1a, el Instituto Estatal Electoral y de Participaci\u00f3n Ciudadana de Oaxaca (IEEPCO), a trav\u00e9s de la Comisi\u00f3n Permanente de Atenci\u00f3n de las Personas Residentes en el Extranjero Originarias del Estado de Oaxaca, llev\u00f3 a cabo la&#8230;<\/p>\n","protected":false},"author":4,"featured_media":20456,"comment_status":"closed","ping_status":"closed","sticky":false,"template":"","format":"standard","meta":{"footnotes":""},"categories":[49],"tags":[],"class_list":["post-20455","post","type-post","status-publish","format-standard","has-post-thumbnail","hentry","category-titulares"],"_links":{"self":[{"href":"https:\/\/fdnoaxaca.net\/index.php\/wp-json\/wp\/v2\/posts\/20455","targetHints":{"allow":["GET"]}}],"collection":[{"href":"https:\/\/fdnoaxaca.net\/index.php\/wp-json\/wp\/v2\/posts"}],"about":[{"href":"https:\/\/fdnoaxaca.net\/index.php\/wp-json\/wp\/v2\/types\/post"}],"author":[{"embeddable":true,"href":"https:\/\/fdnoaxaca.net\/index.php\/wp-json\/wp\/v2\/users\/4"}],"replies":[{"embeddable":true,"href":"https:\/\/fdnoaxaca.net\/index.php\/wp-json\/wp\/v2\/comments?post=20455"}],"version-history":[{"count":1,"href":"https:\/\/fdnoaxaca.net\/index.php\/wp-json\/wp\/v2\/posts\/20455\/revisions"}],"predecessor-version":[{"id":20458,"href":"https:\/\/fdnoaxaca.net\/index.php\/wp-json\/wp\/v2\/posts\/20455\/revisions\/20458"}],"wp:featuredmedia":[{"embeddable":true,"href":"https:\/\/fdnoaxaca.net\/index.php\/wp-json\/wp\/v2\/media\/20456"}],"wp:attachment":[{"href":"https:\/\/fdnoaxaca.net\/index.php\/wp-json\/wp\/v2\/media?parent=20455"}],"wp:term":[{"taxonomy":"category","embeddable":true,"href":"https:\/\/fdnoaxaca.net\/index.php\/wp-json\/wp\/v2\/categories?post=20455"},{"taxonomy":"post_tag","embeddable":true,"href":"https:\/\/fdnoaxaca.net\/index.php\/wp-json\/wp\/v2\/tags?post=20455"}],"curies":[{"name":"wp","href":"https:\/\/api.w.org\/{rel}","templated":true}]}}