{"id":20460,"date":"2026-09-03T13:39:29","date_gmt":"2026-09-03T18:39:29","guid":{"rendered":"https:\/\/fdnoaxaca.net\/?p=20460"},"modified":"2026-09-03T13:39:32","modified_gmt":"2026-09-03T18:39:32","slug":"retienen-a-reportero-en-la-sierra-sur-de-oaxaca","status":"publish","type":"post","link":"https:\/\/fdnoaxaca.net\/index.php\/2026\/09\/03\/retienen-a-reportero-en-la-sierra-sur-de-oaxaca\/","title":{"rendered":"Retienen a reportero en la Sierra Sur de Oaxaca\u00a0"},"content":{"rendered":"\n<p>Lizbeth Flores Barrera&nbsp;<\/p>\n\n\n\n<p>Oaxaca, Oax., 3 de septiembre de 2026.- El reportero oaxaque\u00f1o, Graciano G\u00f3mez Lescas, fue retenido junto con autoridades de San Sebasti\u00e1n R\u00edo Hondo, en la regi\u00f3n de la Sierra Sur de Oaxaca.<\/p>\n\n\n\n<p>De acuerdo con el comunicador, \u00e9l cubr\u00eda una actividad del alcalde de San Sebasti\u00e1n R\u00edo Hondo, Rigoberto Ram\u00edrez L\u00f3pez, en una reuni\u00f3n con la comunidad El Portillo, cuando fueron retenidos por un grupo de personas dirigidas por Efra\u00edn Domingo Ram\u00edrez Hern\u00e1ndez y Mario Efra\u00edn Mart\u00ednez, quienes se autonombraron presidente y alcalde comunitario, respectivamente.<\/p>\n\n\n\n<figure class=\"wp-block-image size-full\"><img loading=\"lazy\" decoding=\"async\" width=\"960\" height=\"956\" src=\"https:\/\/fdnoaxaca.net\/wp-content\/uploads\/2026\/09\/HRTU9zdawAEkor5.jpg\" alt=\"\" class=\"wp-image-20462\" srcset=\"https:\/\/fdnoaxaca.net\/wp-content\/uploads\/2026\/09\/HRTU9zdawAEkor5.jpg 960w, https:\/\/fdnoaxaca.net\/wp-content\/uploads\/2026\/09\/HRTU9zdawAEkor5-300x300.jpg 300w, https:\/\/fdnoaxaca.net\/wp-content\/uploads\/2026\/09\/HRTU9zdawAEkor5-150x150.jpg 150w, https:\/\/fdnoaxaca.net\/wp-content\/uploads\/2026\/09\/HRTU9zdawAEkor5-768x765.jpg 768w\" sizes=\"auto, (max-width: 960px) 100vw, 960px\" \/><\/figure>\n\n\n\n<p>Desde las 16:00 horas del 2 de septiembre de 2026, fueron privados de su libertad, y amenazados.&nbsp;<\/p>\n\n\n\n<p>G\u00f3mez Lescas inform\u00f3 la ma\u00f1ana de este jueves 3 de septiembre que durante la madrugada le regresaron su celular mediante el cual se ha comunicado.&nbsp;<\/p>\n\n\n\n<p>Detall\u00f3 que un familiar de las autoridades retenidas tambi\u00e9n fue privada de su libertad al llevarles caf\u00e9 la madruga de este jueves.&nbsp;<\/p>\n\n\n\n<p>Por lo que al momento, suman cinco personas retenidas: Rigoberto Ram\u00edrez L\u00f3pez, alcalde; Juan Hern\u00e1ndez, suplente; Juan Pascual Vel\u00e1squez, secretario del alcalde; Cirilo Hern\u00e1ndez, representante del Barrio El Portillo; y el reportero Graciano G\u00f3mez Lescas, colaborador del medio TV Bus.&nbsp;<\/p>\n","protected":false},"excerpt":{"rendered":"<p>Lizbeth Flores Barrera&nbsp; Oaxaca, Oax., 3 de septiembre de 2026.- El reportero oaxaque\u00f1o, Graciano G\u00f3mez Lescas, fue retenido junto con autoridades de San Sebasti\u00e1n R\u00edo Hondo, en la regi\u00f3n de la Sierra Sur de Oaxaca. De acuerdo con el comunicador, \u00e9l cubr\u00eda una actividad del alcalde de San Sebasti\u00e1n R\u00edo Hondo, Rigoberto Ram\u00edrez L\u00f3pez, en&#8230;<\/p>\n","protected":false},"author":4,"featured_media":20461,"comment_status":"closed","ping_status":"closed","sticky":false,"template":"","format":"standard","meta":{"footnotes":""},"categories":[49],"tags":[],"class_list":["post-20460","post","type-post","status-publish","format-standard","has-post-thumbnail","hentry","category-titulares"],"_links":{"self":[{"href":"https:\/\/fdnoaxaca.net\/index.php\/wp-json\/wp\/v2\/posts\/20460","targetHints":{"allow":["GET"]}}],"collection":[{"href":"https:\/\/fdnoaxaca.net\/index.php\/wp-json\/wp\/v2\/posts"}],"about":[{"href":"https:\/\/fdnoaxaca.net\/index.php\/wp-json\/wp\/v2\/types\/post"}],"author":[{"embeddable":true,"href":"https:\/\/fdnoaxaca.net\/index.php\/wp-json\/wp\/v2\/users\/4"}],"replies":[{"embeddable":true,"href":"https:\/\/fdnoaxaca.net\/index.php\/wp-json\/wp\/v2\/comments?post=20460"}],"version-history":[{"count":1,"href":"https:\/\/fdnoaxaca.net\/index.php\/wp-json\/wp\/v2\/posts\/20460\/revisions"}],"predecessor-version":[{"id":20463,"href":"https:\/\/fdnoaxaca.net\/index.php\/wp-json\/wp\/v2\/posts\/20460\/revisions\/20463"}],"wp:featuredmedia":[{"embeddable":true,"href":"https:\/\/fdnoaxaca.net\/index.php\/wp-json\/wp\/v2\/media\/20461"}],"wp:attachment":[{"href":"https:\/\/fdnoaxaca.net\/index.php\/wp-json\/wp\/v2\/media?parent=20460"}],"wp:term":[{"taxonomy":"category","embeddable":true,"href":"https:\/\/fdnoaxaca.net\/index.php\/wp-json\/wp\/v2\/categories?post=20460"},{"taxonomy":"post_tag","embeddable":true,"href":"https:\/\/fdnoaxaca.net\/index.php\/wp-json\/wp\/v2\/tags?post=20460"}],"curies":[{"name":"wp","href":"https:\/\/api.w.org\/{rel}","templated":true}]}}