{"id":20464,"date":"2026-09-03T21:05:12","date_gmt":"2026-09-04T02:05:12","guid":{"rendered":"https:\/\/fdnoaxaca.net\/?p=20464"},"modified":"2026-09-03T21:05:15","modified_gmt":"2026-09-04T02:05:15","slug":"realiza-ieepco-talleres-sobre-prevencion-y-atencion-de-la-violencia-digital-en-oaxaca","status":"publish","type":"post","link":"https:\/\/fdnoaxaca.net\/index.php\/2026\/09\/03\/realiza-ieepco-talleres-sobre-prevencion-y-atencion-de-la-violencia-digital-en-oaxaca\/","title":{"rendered":"Realiza IEEPCO talleres sobre prevenci\u00f3n y atenci\u00f3n de la violencia digital en Oaxaca"},"content":{"rendered":"\n<p>Oaxaca, Oax., 3 de septiembre de 2026. &#8211; El Instituto Estatal Electoral y de Participaci\u00f3n Ciudadana de Oaxaca (IEEPCO) realiz\u00f3 este jueves dos talleres denominados \u201cMujeres en el espacio p\u00fablico digital: prevenci\u00f3n y atenci\u00f3n de la violencia digital en Oaxaca\u201d, con el prop\u00f3sito de fortalecer las capacidades para identificar, prevenir y atender las distintas manifestaciones de violencia que enfrentan las mujeres en los entornos digitales.<\/p>\n\n\n\n<p>Durante el mensaje de bienvenida, la presidente del Consejo General del IEEPCO, Elizabeth S\u00e1nchez Gonz\u00e1lez, explic\u00f3 que Oaxaca cuenta con un marco jur\u00eddico que reconoce la violencia digital y la violencia medi\u00e1tica. Adem\u00e1s, de manera reciente, la legislaci\u00f3n dio un paso m\u00e1s con la reforma que incorpor\u00f3 expresamente la violencia por inteligencia artificial, reconociendo el uso de tecnolog\u00edas para alterar fotograf\u00edas, audios o videos con la intenci\u00f3n de afectar la dignidad, integridad, patrimonio o libertad de las mujeres.<\/p>\n\n\n\n<figure class=\"wp-block-image size-large\"><img loading=\"lazy\" decoding=\"async\" width=\"1024\" height=\"682\" src=\"https:\/\/fdnoaxaca.net\/wp-content\/uploads\/2026\/09\/IMG-20260903-WA0037-1024x682.jpg\" alt=\"\" class=\"wp-image-20465\" srcset=\"https:\/\/fdnoaxaca.net\/wp-content\/uploads\/2026\/09\/IMG-20260903-WA0037-1024x682.jpg 1024w, https:\/\/fdnoaxaca.net\/wp-content\/uploads\/2026\/09\/IMG-20260903-WA0037-300x200.jpg 300w, https:\/\/fdnoaxaca.net\/wp-content\/uploads\/2026\/09\/IMG-20260903-WA0037-768x512.jpg 768w, https:\/\/fdnoaxaca.net\/wp-content\/uploads\/2026\/09\/IMG-20260903-WA0037-1536x1023.jpg 1536w, https:\/\/fdnoaxaca.net\/wp-content\/uploads\/2026\/09\/IMG-20260903-WA0037-600x400.jpg 600w, https:\/\/fdnoaxaca.net\/wp-content\/uploads\/2026\/09\/IMG-20260903-WA0037-272x182.jpg 272w, https:\/\/fdnoaxaca.net\/wp-content\/uploads\/2026\/09\/IMG-20260903-WA0037.jpg 1600w\" sizes=\"auto, (max-width: 1024px) 100vw, 1024px\" \/><\/figure>\n\n\n\n<p>\u201cFrente a estas nuevas realidades, conocer nuestros derechos es indispensable, pero ya no es suficiente. Necesitamos desarrollar capacidades para prevenir una agresi\u00f3n, identificarla oportunamente, documentarla de manera adecuada y conocer las rutas institucionales disponibles para recibir orientaci\u00f3n, protecci\u00f3n y atenci\u00f3n&#8221;, refiri\u00f3.&nbsp;<\/p>\n\n\n\n<p>&#8220;Ese es precisamente el prop\u00f3sito del taller, que sea un espacio pr\u00e1ctico que les permita fortalecer sus herramientas de seguridad y cuidado digital, reconocer distintas manifestaciones de violencia, preservar evidencia y conocer los mecanismos institucionales a los que pueden acudir cuando una situaci\u00f3n lo requiera&#8221;, finaliz\u00f3.<\/p>\n\n\n\n<figure class=\"wp-block-image size-large\"><img loading=\"lazy\" decoding=\"async\" width=\"1024\" height=\"682\" src=\"https:\/\/fdnoaxaca.net\/wp-content\/uploads\/2026\/09\/IMG-20260903-WA0039-1024x682.jpg\" alt=\"\" class=\"wp-image-20466\" srcset=\"https:\/\/fdnoaxaca.net\/wp-content\/uploads\/2026\/09\/IMG-20260903-WA0039-1024x682.jpg 1024w, https:\/\/fdnoaxaca.net\/wp-content\/uploads\/2026\/09\/IMG-20260903-WA0039-300x200.jpg 300w, https:\/\/fdnoaxaca.net\/wp-content\/uploads\/2026\/09\/IMG-20260903-WA0039-768x512.jpg 768w, https:\/\/fdnoaxaca.net\/wp-content\/uploads\/2026\/09\/IMG-20260903-WA0039-1536x1023.jpg 1536w, https:\/\/fdnoaxaca.net\/wp-content\/uploads\/2026\/09\/IMG-20260903-WA0039-600x400.jpg 600w, https:\/\/fdnoaxaca.net\/wp-content\/uploads\/2026\/09\/IMG-20260903-WA0039-272x182.jpg 272w, https:\/\/fdnoaxaca.net\/wp-content\/uploads\/2026\/09\/IMG-20260903-WA0039.jpg 1600w\" sizes=\"auto, (max-width: 1024px) 100vw, 1024px\" \/><\/figure>\n\n\n\n<p>La actividad cont\u00f3 con la presencia de la consejera electoral, Ana Mar\u00eda M\u00e1rquez Andr\u00e9s y el consejero electoral, Manuel Cortes Muriedas, y estuvo a cargo de Danelly Reyes Alavez, titular de la Unidad T\u00e9cnica para la Igualdad de G\u00e9nero y No Discriminaci\u00f3n del IEEPCO.&nbsp;&nbsp;<\/p>\n\n\n\n<p>Asimismo, fue dirigida a mujeres periodistas y comunicadoras, as\u00ed como a las representaciones de los partidos pol\u00edticos y a quienes integran sus \u00f3rganos, secretar\u00edas, institutos o estructuras de mujeres.<\/p>\n\n\n\n<p>Durante los talleres se brindaron herramientas para reconocer las manifestaciones de violencia digital y medi\u00e1tica, distinguirlas de la cr\u00edtica y el debate p\u00fablico, y conocer las rutas institucionales de orientaci\u00f3n, protecci\u00f3n y denuncia.&nbsp;<\/p>\n\n\n\n<p>Tambi\u00e9n, se abordaron temas relacionados con la prevenci\u00f3n de la revictimizaci\u00f3n, el ejercicio de la libertad de expresi\u00f3n y la posible configuraci\u00f3n de casos de violencia pol\u00edtica contra las mujeres en raz\u00f3n de g\u00e9nero (VPMRG).<\/p>\n\n\n\n<p>Como parte de las actividades pr\u00e1cticas, se presentaron casos hipot\u00e9ticos relacionados con publicaciones, comentarios, memes, mensajes y campa\u00f1as difundidas en plataformas digitales. Las personas participantes analizaron y clasificaron cada situaci\u00f3n como cr\u00edtica, debate p\u00fablico, ejercicio de la libertad de expresi\u00f3n, violencia digital, violencia medi\u00e1tica o posible VPMRG, justificando sus conclusiones.&nbsp;<\/p>\n\n\n\n<p>Lo anterior, permiti\u00f3 reflexionar sobre los l\u00edmites entre la libertad de expresi\u00f3n y las conductas que pueden vulnerar los derechos de las mujeres, as\u00ed como identificar los principales obst\u00e1culos que enfrentan en el espacio p\u00fablico digital.<\/p>\n\n\n\n<p>Finalmente, los participantes reconocieron los distintos tipos de violencia digital y plantearon estrategias para prevenirlos, atenderlos y combatirlos mediante pr\u00e1cticas de autocuidado, documentaci\u00f3n adecuada de evidencias y conocimiento de las v\u00edas institucionales disponibles.<\/p>\n\n\n\n<p>Para finalizar la actividad, personal de la Unidad de Polic\u00eda Cibern\u00e9tica, encabezado por su titular Carlos Znitch Avenda\u00f1o Garc\u00eda, explicaron las funciones que desarrollan y las rutas que pueden seguir las personas que requieran atenci\u00f3n en caso de violencia cibern\u00e9tica.<\/p>\n\n\n\n<figure class=\"wp-block-image size-large\"><img loading=\"lazy\" decoding=\"async\" width=\"1024\" height=\"682\" src=\"https:\/\/fdnoaxaca.net\/wp-content\/uploads\/2026\/09\/IMG-20260903-WA0043-1024x682.jpg\" alt=\"\" class=\"wp-image-20467\" srcset=\"https:\/\/fdnoaxaca.net\/wp-content\/uploads\/2026\/09\/IMG-20260903-WA0043-1024x682.jpg 1024w, https:\/\/fdnoaxaca.net\/wp-content\/uploads\/2026\/09\/IMG-20260903-WA0043-300x200.jpg 300w, https:\/\/fdnoaxaca.net\/wp-content\/uploads\/2026\/09\/IMG-20260903-WA0043-768x512.jpg 768w, https:\/\/fdnoaxaca.net\/wp-content\/uploads\/2026\/09\/IMG-20260903-WA0043-1536x1023.jpg 1536w, https:\/\/fdnoaxaca.net\/wp-content\/uploads\/2026\/09\/IMG-20260903-WA0043-600x400.jpg 600w, https:\/\/fdnoaxaca.net\/wp-content\/uploads\/2026\/09\/IMG-20260903-WA0043-272x182.jpg 272w, https:\/\/fdnoaxaca.net\/wp-content\/uploads\/2026\/09\/IMG-20260903-WA0043.jpg 1600w\" sizes=\"auto, (max-width: 1024px) 100vw, 1024px\" \/><\/figure>\n\n\n\n<p>Con estas acciones, el IEEPCO refrenda su compromiso con la igualdad sustantiva, la erradicaci\u00f3n de la violencia contra las mujeres y la construcci\u00f3n de espacios p\u00fablicos y digitales seguros, respetuosos e incluyentes.<\/p>\n","protected":false},"excerpt":{"rendered":"<p>Oaxaca, Oax., 3 de septiembre de 2026. &#8211; El Instituto Estatal Electoral y de Participaci\u00f3n Ciudadana de Oaxaca (IEEPCO) realiz\u00f3 este jueves dos talleres denominados \u201cMujeres en el espacio p\u00fablico digital: prevenci\u00f3n y atenci\u00f3n de la violencia digital en Oaxaca\u201d, con el prop\u00f3sito de fortalecer las capacidades para identificar, prevenir y atender las distintas manifestaciones&#8230;<\/p>\n","protected":false},"author":4,"featured_media":20468,"comment_status":"closed","ping_status":"closed","sticky":false,"template":"","format":"standard","meta":{"footnotes":""},"categories":[49],"tags":[],"class_list":["post-20464","post","type-post","status-publish","format-standard","has-post-thumbnail","hentry","category-titulares"],"_links":{"self":[{"href":"https:\/\/fdnoaxaca.net\/index.php\/wp-json\/wp\/v2\/posts\/20464","targetHints":{"allow":["GET"]}}],"collection":[{"href":"https:\/\/fdnoaxaca.net\/index.php\/wp-json\/wp\/v2\/posts"}],"about":[{"href":"https:\/\/fdnoaxaca.net\/index.php\/wp-json\/wp\/v2\/types\/post"}],"author":[{"embeddable":true,"href":"https:\/\/fdnoaxaca.net\/index.php\/wp-json\/wp\/v2\/users\/4"}],"replies":[{"embeddable":true,"href":"https:\/\/fdnoaxaca.net\/index.php\/wp-json\/wp\/v2\/comments?post=20464"}],"version-history":[{"count":1,"href":"https:\/\/fdnoaxaca.net\/index.php\/wp-json\/wp\/v2\/posts\/20464\/revisions"}],"predecessor-version":[{"id":20469,"href":"https:\/\/fdnoaxaca.net\/index.php\/wp-json\/wp\/v2\/posts\/20464\/revisions\/20469"}],"wp:featuredmedia":[{"embeddable":true,"href":"https:\/\/fdnoaxaca.net\/index.php\/wp-json\/wp\/v2\/media\/20468"}],"wp:attachment":[{"href":"https:\/\/fdnoaxaca.net\/index.php\/wp-json\/wp\/v2\/media?parent=20464"}],"wp:term":[{"taxonomy":"category","embeddable":true,"href":"https:\/\/fdnoaxaca.net\/index.php\/wp-json\/wp\/v2\/categories?post=20464"},{"taxonomy":"post_tag","embeddable":true,"href":"https:\/\/fdnoaxaca.net\/index.php\/wp-json\/wp\/v2\/tags?post=20464"}],"curies":[{"name":"wp","href":"https:\/\/api.w.org\/{rel}","templated":true}]}}