{"id":20476,"date":"2026-09-03T22:14:22","date_gmt":"2026-09-04T03:14:22","guid":{"rendered":"https:\/\/fdnoaxaca.net\/?p=20476"},"modified":"2026-09-03T22:17:29","modified_gmt":"2026-09-04T03:17:29","slug":"arrestan-a-sindico-y-regidor-por-violencia-politica-contra-la-edil-de-santiago-choapam","status":"publish","type":"post","link":"https:\/\/fdnoaxaca.net\/index.php\/2026\/09\/03\/arrestan-a-sindico-y-regidor-por-violencia-politica-contra-la-edil-de-santiago-choapam\/","title":{"rendered":"Arrestan a s\u00edndico y regidor por presunta violencia pol\u00edtica contra la edil de Santiago Cho\u00e1pam"},"content":{"rendered":"\n<p>Oaxaca de Ju\u00e1rez, Oax., 3 septiembre de 2026.- La Fiscal\u00eda General del Estado de Oaxaca (FGEO) ejecut\u00f3 \u00f3rdenes de aprehensi\u00f3n contra dos hombres identificados como A.B. y J.M.M. -Regidor de Hacienda y S\u00edndico Municipal, respectivamente-, por su presunta responsabilidad en el delito de violencia pol\u00edtica agravada contra las mujeres en raz\u00f3n de g\u00e9nero, cometida en agravio de la edil de Santiago Cho\u00e1pam, en la regi\u00f3n de la Cuenca.<\/p>\n\n\n\n<p>De acuerdo con la carpeta de investigaci\u00f3n, los hechos ocurrieron en junio de 2026, cuando la v\u00edctima se encontraba en la cancha municipal de la agencia de Santo Domingo Latani, perteneciente a Santiago Cho\u00e1pam, donde se desarrollaba una reuni\u00f3n con integrantes de la comunidad, autoridades municipales y comunitarias.<\/p>\n\n\n\n<p>Durante este encuentro, la v\u00edctima habr\u00eda sido desacreditada en el ejercicio de sus funciones como presidente municipal, as\u00ed como habr\u00eda sufrido amenazas e intimidaci\u00f3n, adem\u00e1s de ser retenida contra su voluntad y obligada a firmar un acta mediante la cual pretend\u00edan hacerla renunciar a su cargo y desconocerla como autoridad municipal.<\/p>\n\n\n\n<p>Posteriormente, despu\u00e9s de firmar el documento fue dejada en libertad un d\u00eda despu\u00e9s.<\/p>\n\n\n\n<p>La Fiscal\u00eda inici\u00f3 las investigaciones correspondientes bajo perspectiva de g\u00e9nero, reconociendo que las agresiones contra mujeres que participan en la vida p\u00fablica y ejercen cargos de representaci\u00f3n constituyen una forma de violencia que busca limitar, menoscabar o impedir el ejercicio de sus derechos pol\u00edtico-electorales.<\/p>\n\n\n\n<p>Como resultado de las investigaciones realizadas por la Fiscal\u00eda Especializada en Delitos Electorales, se obtuvieron las \u00f3rdenes de aprehensi\u00f3n correspondientes, mismas que fueron ejecutadas contra A.B. y J.M.M., quienes se desempe\u00f1aban como Regidor de Hacienda y S\u00edndico Municipal de la comunidad.<\/p>\n\n\n\n<p>Los detenidos quedaron a disposici\u00f3n de la autoridad ministerial, instancia que determinar\u00e1 su situaci\u00f3n jur\u00eddica.<\/p>\n","protected":false},"excerpt":{"rendered":"<p>Oaxaca de Ju\u00e1rez, Oax., 3 septiembre de 2026.- La Fiscal\u00eda General del Estado de Oaxaca (FGEO) ejecut\u00f3 \u00f3rdenes de aprehensi\u00f3n contra dos hombres identificados como A.B. y J.M.M. -Regidor de Hacienda y S\u00edndico Municipal, respectivamente-, por su presunta responsabilidad en el delito de violencia pol\u00edtica agravada contra las mujeres en raz\u00f3n de g\u00e9nero, cometida en&#8230;<\/p>\n","protected":false},"author":4,"featured_media":20477,"comment_status":"closed","ping_status":"closed","sticky":false,"template":"","format":"standard","meta":{"footnotes":""},"categories":[4],"tags":[],"class_list":["post-20476","post","type-post","status-publish","format-standard","has-post-thumbnail","hentry","category-general"],"_links":{"self":[{"href":"https:\/\/fdnoaxaca.net\/index.php\/wp-json\/wp\/v2\/posts\/20476","targetHints":{"allow":["GET"]}}],"collection":[{"href":"https:\/\/fdnoaxaca.net\/index.php\/wp-json\/wp\/v2\/posts"}],"about":[{"href":"https:\/\/fdnoaxaca.net\/index.php\/wp-json\/wp\/v2\/types\/post"}],"author":[{"embeddable":true,"href":"https:\/\/fdnoaxaca.net\/index.php\/wp-json\/wp\/v2\/users\/4"}],"replies":[{"embeddable":true,"href":"https:\/\/fdnoaxaca.net\/index.php\/wp-json\/wp\/v2\/comments?post=20476"}],"version-history":[{"count":2,"href":"https:\/\/fdnoaxaca.net\/index.php\/wp-json\/wp\/v2\/posts\/20476\/revisions"}],"predecessor-version":[{"id":20479,"href":"https:\/\/fdnoaxaca.net\/index.php\/wp-json\/wp\/v2\/posts\/20476\/revisions\/20479"}],"wp:featuredmedia":[{"embeddable":true,"href":"https:\/\/fdnoaxaca.net\/index.php\/wp-json\/wp\/v2\/media\/20477"}],"wp:attachment":[{"href":"https:\/\/fdnoaxaca.net\/index.php\/wp-json\/wp\/v2\/media?parent=20476"}],"wp:term":[{"taxonomy":"category","embeddable":true,"href":"https:\/\/fdnoaxaca.net\/index.php\/wp-json\/wp\/v2\/categories?post=20476"},{"taxonomy":"post_tag","embeddable":true,"href":"https:\/\/fdnoaxaca.net\/index.php\/wp-json\/wp\/v2\/tags?post=20476"}],"curies":[{"name":"wp","href":"https:\/\/api.w.org\/{rel}","templated":true}]}}