{"id":20481,"date":"2026-09-04T11:31:04","date_gmt":"2026-09-04T16:31:04","guid":{"rendered":"https:\/\/fdnoaxaca.net\/?p=20481"},"modified":"2026-09-04T11:31:06","modified_gmt":"2026-09-04T16:31:06","slug":"por-conflicto-interno-en-primaria-de-montoya-padres-de-familia-bloquean-crucero-de-plaza-bella","status":"publish","type":"post","link":"https:\/\/fdnoaxaca.net\/index.php\/2026\/09\/04\/por-conflicto-interno-en-primaria-de-montoya-padres-de-familia-bloquean-crucero-de-plaza-bella\/","title":{"rendered":"Por conflicto interno en primaria de Montoya, padres de familia bloquean crucero de Plaza Bella\u00a0"},"content":{"rendered":"\n<p>Oaxaca, Oax., 4 de septiembre de 2026.- Por el conflicto con un padre, a quien acusan de presuntamente ser violento y justificar su actitud con que es integrante de Morena, padres de familia de alumnos de la primaria Cultura Campesina, de la agencia Montoya, bloquearon este viernes el crucero de Plaza Bella, el cual conecta a la ciudad de Oaxaca con los municipios de Atzompa e Ixtlahuaca.<\/p>\n\n\n\n<p>Minutos despu\u00e9s, lleg\u00f3 el padre de familia se\u00f1alado, quien con su celular grab\u00f3 la manifestaci\u00f3n y de manera pac\u00edfica se retir\u00f3, en medio de reclamos de los manifestantes que le gritaban y acusaban de ser violento.&nbsp;<\/p>\n\n\n\n<p>Ante los cuestionamientos de la prensa, el padre de familia refiri\u00f3 que &#8220;hay que aplicar la ley, hacer cumplir la ley, por eso est\u00e1 escrito, no hay que permitir que se sigan aprovechando de nosotros&#8221;. Refiri\u00f3 que las acusaciones en su contra derivan por hacer valer sus derechos y el de sus hijos.<\/p>\n\n\n\n<p>Arturo Cruz, presidente del comit\u00e9 de padres de familia, acus\u00f3 al tutor de una alumna de ser violento y de haber interpuesto demandas en diferentes ocasiones contra profesores, el director y recientemente contra el comit\u00e9.<\/p>\n\n\n\n<p>Se\u00f1al\u00f3 que el padre de familia pregona&nbsp; pertenecer al partido pol\u00edtico Morena, y que presuntamente constantemente reacciona con violencia, agrediendo verbalmente al profesor de grupo y a madres de familia.<\/p>\n\n\n\n<p>&#8220;En todos los lugares hay un reglamento, hay reglas, en la vida hay reglas para vivir; \u00e9l se mete, grita en los salones, agrede verbalmente a la profesora de grupo&#8221;, declar\u00f3.<\/p>\n\n\n\n<p>Por consiguiente, los manifestantes piden que el padre de familia ya no ingrese a la instituci\u00f3n. Aseguran que no niegan el derecho a la educaci\u00f3n a la menor de edad, por lo que ella podr\u00e1 seguir ingresando.<\/p>\n\n\n\n<p>Sin embargo, se oponen a que el padre de la alumna siga ingresando, por lo que una de sus soluciones que consideran es el cambio de tutor.<\/p>\n\n\n\n<p>&#8220;Negamos el paso a la instituci\u00f3n al se\u00f1or, no queremos al se\u00f1or en la instituci\u00f3n, no queremos que los maestros vuelvan a ser demandados, no queremos que el director vuelva a ser demandado, no queremos demandas hacia el comit\u00e9 de padres&#8221;, expres\u00f3 Arturo Cruz.<\/p>\n\n\n\n<p>En la primaria ubicada en la agencia Montoya, en la ciudad de Oaxaca, hay 270 alumnos actualmente.<\/p>\n","protected":false},"excerpt":{"rendered":"<p>Oaxaca, Oax., 4 de septiembre de 2026.- Por el conflicto con un padre, a quien acusan de presuntamente ser violento y justificar su actitud con que es integrante de Morena, padres de familia de alumnos de la primaria Cultura Campesina, de la agencia Montoya, bloquearon este viernes el crucero de Plaza Bella, el cual conecta&#8230;<\/p>\n","protected":false},"author":4,"featured_media":20482,"comment_status":"closed","ping_status":"closed","sticky":false,"template":"","format":"standard","meta":{"footnotes":""},"categories":[49],"tags":[],"class_list":["post-20481","post","type-post","status-publish","format-standard","has-post-thumbnail","hentry","category-titulares"],"_links":{"self":[{"href":"https:\/\/fdnoaxaca.net\/index.php\/wp-json\/wp\/v2\/posts\/20481","targetHints":{"allow":["GET"]}}],"collection":[{"href":"https:\/\/fdnoaxaca.net\/index.php\/wp-json\/wp\/v2\/posts"}],"about":[{"href":"https:\/\/fdnoaxaca.net\/index.php\/wp-json\/wp\/v2\/types\/post"}],"author":[{"embeddable":true,"href":"https:\/\/fdnoaxaca.net\/index.php\/wp-json\/wp\/v2\/users\/4"}],"replies":[{"embeddable":true,"href":"https:\/\/fdnoaxaca.net\/index.php\/wp-json\/wp\/v2\/comments?post=20481"}],"version-history":[{"count":1,"href":"https:\/\/fdnoaxaca.net\/index.php\/wp-json\/wp\/v2\/posts\/20481\/revisions"}],"predecessor-version":[{"id":20483,"href":"https:\/\/fdnoaxaca.net\/index.php\/wp-json\/wp\/v2\/posts\/20481\/revisions\/20483"}],"wp:featuredmedia":[{"embeddable":true,"href":"https:\/\/fdnoaxaca.net\/index.php\/wp-json\/wp\/v2\/media\/20482"}],"wp:attachment":[{"href":"https:\/\/fdnoaxaca.net\/index.php\/wp-json\/wp\/v2\/media?parent=20481"}],"wp:term":[{"taxonomy":"category","embeddable":true,"href":"https:\/\/fdnoaxaca.net\/index.php\/wp-json\/wp\/v2\/categories?post=20481"},{"taxonomy":"post_tag","embeddable":true,"href":"https:\/\/fdnoaxaca.net\/index.php\/wp-json\/wp\/v2\/tags?post=20481"}],"curies":[{"name":"wp","href":"https:\/\/api.w.org\/{rel}","templated":true}]}}