{"id":20484,"date":"2026-09-04T12:49:18","date_gmt":"2026-09-04T17:49:18","guid":{"rendered":"https:\/\/fdnoaxaca.net\/?p=20484"},"modified":"2026-09-04T12:49:21","modified_gmt":"2026-09-04T17:49:21","slug":"blindaje-de-chiapas-eleva-tension-en-chimalapas-pakal-resguarda-el-ejido-gustavo-diaz-ordaz-ante-llegada-de-comuneros-oaxaquenos","status":"publish","type":"post","link":"https:\/\/fdnoaxaca.net\/index.php\/2026\/09\/04\/blindaje-de-chiapas-eleva-tension-en-chimalapas-pakal-resguarda-el-ejido-gustavo-diaz-ordaz-ante-llegada-de-comuneros-oaxaquenos\/","title":{"rendered":"\u201cBlindaje\u201d de Chiapas eleva tensi\u00f3n en Chimalapas; Pakal resguarda el ejido Gustavo D\u00edaz Ordaz ante llegada de comuneros oaxaque\u00f1os"},"content":{"rendered":"\n<p>Deimos S\u00e1nchez | Estado 20<\/p>\n\n\n\n<p>Oaxaca, Oax., 4 de septiembre de 2026.- La tensi\u00f3n en la zona de Los Chimalapas escal\u00f3 este viernes luego de que comuneros de San Miguel Chimalapa denunciaron el despliegue de fuerzas especiales de Chiapas, entre ellas la Fuerza de Reacci\u00f3n Inmediata Pakal, adem\u00e1s de otras corporaciones de seguridad, en el ejido Gustavo D\u00edaz Ordaz, ante la llegada de una comisi\u00f3n oaxaque\u00f1a que busca avanzar en la recuperaci\u00f3n de las tierras que considera parte de su territorio comunal.&nbsp;<\/p>\n\n\n\n<p>Los comuneros acusaron que el despliegue policial representa un \u201cblindaje\u201d de la comunidad chiapaneca y advirtieron que la presencia masiva de elementos de seguridad podr\u00eda incrementar el riesgo de un enfrentamiento, precisamente cuando este viernes vence el plazo de 30 d\u00edas que la Asamblea General de San Miguel Chimalapa otorg\u00f3 a los habitantes de Gustavo D\u00edaz Ordaz para decidir si se incorporan al r\u00e9gimen comunal zoque o abandonan las tierras.<\/p>\n\n\n\n<p>De acuerdo con reportes de la zona, las autoridades agrarias de San Miguel Chimalapa ya iniciaron su traslado hacia Gustavo D\u00edaz Ordaz, donde pretenden continuar lo que han denominado un proceso de conciliaci\u00f3n de \u201ccampesino a campesino\u201d y \u201cde ind\u00edgena a ind\u00edgena\u201d. La comisi\u00f3n estar\u00eda integrada por cientos de comuneros.<\/p>\n\n\n\n<p>Sin embargo, del lado chiapaneco tambi\u00e9n se ha incrementado la presencia de fuerzas de seguridad. El gobierno de Chiapas confirm\u00f3 que mantendr\u00e1 en la zona a la Guardia Estatal y a la Fuerza de Reacci\u00f3n Inmediata Pakal, bajo el argumento de prevenir actos de violencia y garantizar el orden.<\/p>\n\n\n\n<p>Para los comuneros de San Miguel Chimalapa, esta decisi\u00f3n genera preocupaci\u00f3n debido a que, en lugar de contener la tensi\u00f3n, podr\u00eda colocar frente a frente a cientos de campesinos y un amplio despliegue policial, en una regi\u00f3n marcada durante d\u00e9cadas por el conflicto agrario y territorial entre Oaxaca y Chiapas.&nbsp;<\/p>\n\n\n\n<p>La disputa tiene como antecedente la controversia constitucional 96\/2012, resuelta por la Suprema Corte de Justicia de la Naci\u00f3n en 2021, mediante la cual se determin\u00f3 la pertenencia a Oaxaca de alrededor de 160 mil hect\u00e1reas ubicadas en la zona lim\u00edtrofe. No obstante, la resoluci\u00f3n no ha significado el fin de los conflictos agrarios ni ha resuelto de manera autom\u00e1tica la situaci\u00f3n de los n\u00facleos ejidales asentados en la regi\u00f3n.<\/p>\n\n\n\n<p>Los comuneros sostienen que Gustavo D\u00edaz Ordaz se encuentra dentro de las tierras comunales de San Miguel Chimalapa y que su intenci\u00f3n es recuperar el territorio por la v\u00eda pac\u00edfica. El emplazamiento de 30 d\u00edas fue establecido desde agosto pasado, cuando plantearon a los habitantes del ejido la posibilidad de incorporarse al r\u00e9gimen comunal o abandonar las tierras.<\/p>\n\n\n\n<p>Mientras tanto, habitantes de Gustavo D\u00edaz Ordaz y de otras comunidades de la zona han rechazado cualquier intento de desalojo y han solicitado la intervenci\u00f3n de las autoridades para evitar una confrontaci\u00f3n.<\/p>\n","protected":false},"excerpt":{"rendered":"<p>Deimos S\u00e1nchez | Estado 20 Oaxaca, Oax., 4 de septiembre de 2026.- La tensi\u00f3n en la zona de Los Chimalapas escal\u00f3 este viernes luego de que comuneros de San Miguel Chimalapa denunciaron el despliegue de fuerzas especiales de Chiapas, entre ellas la Fuerza de Reacci\u00f3n Inmediata Pakal, adem\u00e1s de otras corporaciones de seguridad, en el&#8230;<\/p>\n","protected":false},"author":4,"featured_media":20485,"comment_status":"closed","ping_status":"closed","sticky":false,"template":"","format":"standard","meta":{"footnotes":""},"categories":[56,49],"tags":[],"class_list":["post-20484","post","type-post","status-publish","format-standard","has-post-thumbnail","hentry","category-nacional","category-titulares"],"_links":{"self":[{"href":"https:\/\/fdnoaxaca.net\/index.php\/wp-json\/wp\/v2\/posts\/20484","targetHints":{"allow":["GET"]}}],"collection":[{"href":"https:\/\/fdnoaxaca.net\/index.php\/wp-json\/wp\/v2\/posts"}],"about":[{"href":"https:\/\/fdnoaxaca.net\/index.php\/wp-json\/wp\/v2\/types\/post"}],"author":[{"embeddable":true,"href":"https:\/\/fdnoaxaca.net\/index.php\/wp-json\/wp\/v2\/users\/4"}],"replies":[{"embeddable":true,"href":"https:\/\/fdnoaxaca.net\/index.php\/wp-json\/wp\/v2\/comments?post=20484"}],"version-history":[{"count":1,"href":"https:\/\/fdnoaxaca.net\/index.php\/wp-json\/wp\/v2\/posts\/20484\/revisions"}],"predecessor-version":[{"id":20486,"href":"https:\/\/fdnoaxaca.net\/index.php\/wp-json\/wp\/v2\/posts\/20484\/revisions\/20486"}],"wp:featuredmedia":[{"embeddable":true,"href":"https:\/\/fdnoaxaca.net\/index.php\/wp-json\/wp\/v2\/media\/20485"}],"wp:attachment":[{"href":"https:\/\/fdnoaxaca.net\/index.php\/wp-json\/wp\/v2\/media?parent=20484"}],"wp:term":[{"taxonomy":"category","embeddable":true,"href":"https:\/\/fdnoaxaca.net\/index.php\/wp-json\/wp\/v2\/categories?post=20484"},{"taxonomy":"post_tag","embeddable":true,"href":"https:\/\/fdnoaxaca.net\/index.php\/wp-json\/wp\/v2\/tags?post=20484"}],"curies":[{"name":"wp","href":"https:\/\/api.w.org\/{rel}","templated":true}]}}