{"id":20487,"date":"2026-09-04T13:51:30","date_gmt":"2026-09-04T18:51:30","guid":{"rendered":"https:\/\/fdnoaxaca.net\/?p=20487"},"modified":"2026-09-04T13:51:32","modified_gmt":"2026-09-04T18:51:32","slug":"denuncian-ante-el-ine-a-dos-funcionarias-del-gobierno-de-oaxaca-por-presunto-uso-indebido-de-recursos-publicos","status":"publish","type":"post","link":"https:\/\/fdnoaxaca.net\/index.php\/2026\/09\/04\/denuncian-ante-el-ine-a-dos-funcionarias-del-gobierno-de-oaxaca-por-presunto-uso-indebido-de-recursos-publicos\/","title":{"rendered":"Denuncian ante el INE a dos funcionarias del gobierno de Oaxaca por presunto uso indebido de recursos p\u00fablicos\u00a0"},"content":{"rendered":"\n<p>Lizbeth Flores Barrera&nbsp;<\/p>\n\n\n\n<p>Oaxaca, Oax., 4 de septiembre de 2026.- La secretaria de Turismo de Oaxaca, Saymi Pineda Velasco, y la directora de la Corporaci\u00f3n Oaxaque\u00f1a de Radio y Televisi\u00f3n (Cortv), Vania Rosal\u00eda Bautista Cruz, fueron denunciadas ante el Instituto Nacional Electoral (INE) por parte de Movimiento Ciudadano.<\/p>\n\n\n\n<p>De acuerdo con el documento dirigido a la Unidad T\u00e9cnica de lo Contencioso Electoral, del INE, la denuncia es por presunta promoci\u00f3n personalizada de servidora p\u00fablica y el presunto uso indebido de recursos p\u00fablicos, mediante propaganda gubernamental difundida por un organismo p\u00fablico de radio y televisi\u00f3n.<\/p>\n\n\n\n<p>Por lo cual, tambi\u00e9n fue denunciada la Corporaci\u00f3n Oaxaque\u00f1a de Radio y Televisi\u00f3n (Cortv) y quien resulte responsable.<\/p>\n\n\n\n<p>Los denunciantes son Jos\u00e9 Francisco Melo Vel\u00e1zquez, Juan Miguel Castro Rend\u00f3n, Juan Manuel Ram\u00edrez Velasco y Juan Ignacio Zavala Guti\u00e9rrez, del partido pol\u00edtico Movimiento Ciudadano.<\/p>\n\n\n\n<p>La denuncia surge luego de que la Cortv lanzara el podcast titulado &#8220;Oaxaca de coraz\u00f3n&#8221;, conducido por Saymi Pineda Velasco, titular de la Secretar\u00eda de Turismo de Oaxaca.<\/p>\n\n\n\n<p>&#8220;Llega el primer episodio de Oaxaca de Coraz\u00f3n, el nuevo podcast de Saymi Pineda, un espacio para descubrir las voces, los paisajes, la cultura y la grandeza que hacen \u00fanico a nuestro estado&#8221;, public\u00f3 la televisora p\u00fablica en sus redes sociales acompa\u00f1ada de la imagen de la funcionaria.<\/p>\n\n\n\n<p>Al dar a conocer la denuncia, la legisladora local por Movimiento Ciudadano, Alejandra Morl\u00e1n, se\u00f1al\u00f3 que, &#8220;Oaxaca es uno de los estados con mayor pobreza de todo el pa\u00eds; no podemos normalizar que se utilice el recurso de la ciudadan\u00eda para posicionarse pol\u00edticamente&#8221;.<\/p>\n","protected":false},"excerpt":{"rendered":"<p>Lizbeth Flores Barrera&nbsp; Oaxaca, Oax., 4 de septiembre de 2026.- La secretaria de Turismo de Oaxaca, Saymi Pineda Velasco, y la directora de la Corporaci\u00f3n Oaxaque\u00f1a de Radio y Televisi\u00f3n (Cortv), Vania Rosal\u00eda Bautista Cruz, fueron denunciadas ante el Instituto Nacional Electoral (INE) por parte de Movimiento Ciudadano. De acuerdo con el documento dirigido a&#8230;<\/p>\n","protected":false},"author":4,"featured_media":20488,"comment_status":"closed","ping_status":"closed","sticky":false,"template":"","format":"standard","meta":{"footnotes":""},"categories":[56,49],"tags":[],"class_list":["post-20487","post","type-post","status-publish","format-standard","has-post-thumbnail","hentry","category-nacional","category-titulares"],"_links":{"self":[{"href":"https:\/\/fdnoaxaca.net\/index.php\/wp-json\/wp\/v2\/posts\/20487","targetHints":{"allow":["GET"]}}],"collection":[{"href":"https:\/\/fdnoaxaca.net\/index.php\/wp-json\/wp\/v2\/posts"}],"about":[{"href":"https:\/\/fdnoaxaca.net\/index.php\/wp-json\/wp\/v2\/types\/post"}],"author":[{"embeddable":true,"href":"https:\/\/fdnoaxaca.net\/index.php\/wp-json\/wp\/v2\/users\/4"}],"replies":[{"embeddable":true,"href":"https:\/\/fdnoaxaca.net\/index.php\/wp-json\/wp\/v2\/comments?post=20487"}],"version-history":[{"count":1,"href":"https:\/\/fdnoaxaca.net\/index.php\/wp-json\/wp\/v2\/posts\/20487\/revisions"}],"predecessor-version":[{"id":20489,"href":"https:\/\/fdnoaxaca.net\/index.php\/wp-json\/wp\/v2\/posts\/20487\/revisions\/20489"}],"wp:featuredmedia":[{"embeddable":true,"href":"https:\/\/fdnoaxaca.net\/index.php\/wp-json\/wp\/v2\/media\/20488"}],"wp:attachment":[{"href":"https:\/\/fdnoaxaca.net\/index.php\/wp-json\/wp\/v2\/media?parent=20487"}],"wp:term":[{"taxonomy":"category","embeddable":true,"href":"https:\/\/fdnoaxaca.net\/index.php\/wp-json\/wp\/v2\/categories?post=20487"},{"taxonomy":"post_tag","embeddable":true,"href":"https:\/\/fdnoaxaca.net\/index.php\/wp-json\/wp\/v2\/tags?post=20487"}],"curies":[{"name":"wp","href":"https:\/\/api.w.org\/{rel}","templated":true}]}}