{"id":20493,"date":"2026-09-04T20:39:24","date_gmt":"2026-09-05T01:39:24","guid":{"rendered":"https:\/\/fdnoaxaca.net\/?p=20493"},"modified":"2026-09-04T20:39:26","modified_gmt":"2026-09-05T01:39:26","slug":"matan-a-una-mujer-en-puerto-escondido","status":"publish","type":"post","link":"https:\/\/fdnoaxaca.net\/index.php\/2026\/09\/04\/matan-a-una-mujer-en-puerto-escondido\/","title":{"rendered":"Matan a una mujer en Puerto Escondido"},"content":{"rendered":"\n<p>Oaxaca, Oax., 4 de septiembre de 2026.- Una mujer fue asesinada a balazos la tarde del jueves en Puerto Escondido, en la regi\u00f3n de la Costa de Oaxaca.<\/p>\n\n\n\n<p>La Fiscal\u00eda General del Estado de Oaxaca (FGEO) inform\u00f3 que inici\u00f3 las investigaciones correspondientes de este crimen bajo el protocolo de actuaci\u00f3n ministerial, pericial y policial en el delito de feminicidio.<\/p>\n\n\n\n<p>La Unidad de G\u00e9nero de la Vicefiscal\u00eda Regional de la Costa, fue la instancia que realiz\u00f3 las entrevistas y diligencias iniciales, a partir de las cuales se establecieron l\u00edneas de investigaci\u00f3n encaminadas a esclarecer los hechos y determinar el paradero de quien o quienes resulten responsables.<\/p>\n\n\n\n<p>Los hechos ocurrieron en un callej\u00f3n ubicado en la esquina con calle Arecas, en el fraccionamiento Granjas del Pescador, Puerto Escondido, San Pedro Mixtepec, donde fue localizado el cuerpo de una mujer, quien presentaba lesiones producidas por disparos de arma de fuego.&nbsp;<\/p>\n\n\n\n<p>De acuerdo con las primeras entrevistas, la v\u00edctima habr\u00eda salido de su domicilio cuando se escucharon detonaciones de arma de fuego, posteriormente localizaron a la v\u00edctima muerta.<\/p>\n","protected":false},"excerpt":{"rendered":"<p>Oaxaca, Oax., 4 de septiembre de 2026.- Una mujer fue asesinada a balazos la tarde del jueves en Puerto Escondido, en la regi\u00f3n de la Costa de Oaxaca. La Fiscal\u00eda General del Estado de Oaxaca (FGEO) inform\u00f3 que inici\u00f3 las investigaciones correspondientes de este crimen bajo el protocolo de actuaci\u00f3n ministerial, pericial y policial en&#8230;<\/p>\n","protected":false},"author":4,"featured_media":20494,"comment_status":"closed","ping_status":"closed","sticky":false,"template":"","format":"standard","meta":{"footnotes":""},"categories":[49],"tags":[],"class_list":["post-20493","post","type-post","status-publish","format-standard","has-post-thumbnail","hentry","category-titulares"],"_links":{"self":[{"href":"https:\/\/fdnoaxaca.net\/index.php\/wp-json\/wp\/v2\/posts\/20493","targetHints":{"allow":["GET"]}}],"collection":[{"href":"https:\/\/fdnoaxaca.net\/index.php\/wp-json\/wp\/v2\/posts"}],"about":[{"href":"https:\/\/fdnoaxaca.net\/index.php\/wp-json\/wp\/v2\/types\/post"}],"author":[{"embeddable":true,"href":"https:\/\/fdnoaxaca.net\/index.php\/wp-json\/wp\/v2\/users\/4"}],"replies":[{"embeddable":true,"href":"https:\/\/fdnoaxaca.net\/index.php\/wp-json\/wp\/v2\/comments?post=20493"}],"version-history":[{"count":1,"href":"https:\/\/fdnoaxaca.net\/index.php\/wp-json\/wp\/v2\/posts\/20493\/revisions"}],"predecessor-version":[{"id":20495,"href":"https:\/\/fdnoaxaca.net\/index.php\/wp-json\/wp\/v2\/posts\/20493\/revisions\/20495"}],"wp:featuredmedia":[{"embeddable":true,"href":"https:\/\/fdnoaxaca.net\/index.php\/wp-json\/wp\/v2\/media\/20494"}],"wp:attachment":[{"href":"https:\/\/fdnoaxaca.net\/index.php\/wp-json\/wp\/v2\/media?parent=20493"}],"wp:term":[{"taxonomy":"category","embeddable":true,"href":"https:\/\/fdnoaxaca.net\/index.php\/wp-json\/wp\/v2\/categories?post=20493"},{"taxonomy":"post_tag","embeddable":true,"href":"https:\/\/fdnoaxaca.net\/index.php\/wp-json\/wp\/v2\/tags?post=20493"}],"curies":[{"name":"wp","href":"https:\/\/api.w.org\/{rel}","templated":true}]}}