{"id":2073,"date":"2019-11-09T06:42:20","date_gmt":"2019-11-09T06:42:20","guid":{"rendered":"http:\/\/fdnoaxaca.net\/?p=2073"},"modified":"2019-11-09T06:42:22","modified_gmt":"2019-11-09T06:42:22","slug":"confirman-cinco-policias-estatales-muertos-y-dos-heridos-en-emboscada-en-oaxaca","status":"publish","type":"post","link":"https:\/\/fdnoaxaca.net\/index.php\/2019\/11\/09\/confirman-cinco-policias-estatales-muertos-y-dos-heridos-en-emboscada-en-oaxaca\/","title":{"rendered":"Confirman cinco polic\u00edas estatales muertos y dos heridos en emboscada en Oaxaca"},"content":{"rendered":"\n<p>Oaxaca de Ju\u00e1rez, Oax. 8 de noviembre de 2019.- Cinco polic\u00edas estatales asesinados y dos m\u00e1s heridos, es el saldo de la emboscada a elementos de dos patrullas de la Secretar\u00eda de Seguridad P\u00fablica en Oaxaca, confirmaron esta instancia y la Fiscal\u00eda General de Justicia del Estado. <\/p>\n\n\n\n<p>La agresi\u00f3n sucedi\u00f3 la tarde de este viernes a alrededor de las 18:00 horas en San Vicente Coatl\u00e1n, municipio perteneciente al distrito de Ejutla de Crespo, en el punto denominado \u201cLa Cementera\u201d. <\/p>\n\n\n\n<p>De acuerdo con la Secretar\u00eda de Seguridad P\u00fablica, los polic\u00edas estatales a bordo de las patrullas 1730 y 1718 efectuaban los recorridos de vigilancia en la zona, luego de que la seguridad fue reforzada debido a que en d\u00edas pasados se denunciara el robo de maquinaria.<\/p>\n\n\n\n<figure class=\"wp-block-image\"><img loading=\"lazy\" decoding=\"async\" width=\"1024\" height=\"576\" src=\"http:\/\/fdnoaxaca.net\/wp-content\/uploads\/2019\/11\/PicsArt_11-09-01.56.07-1024x576.jpg\" alt=\"\" class=\"wp-image-2075\" srcset=\"https:\/\/fdnoaxaca.net\/wp-content\/uploads\/2019\/11\/PicsArt_11-09-01.56.07-1024x576.jpg 1024w, https:\/\/fdnoaxaca.net\/wp-content\/uploads\/2019\/11\/PicsArt_11-09-01.56.07-300x169.jpg 300w, https:\/\/fdnoaxaca.net\/wp-content\/uploads\/2019\/11\/PicsArt_11-09-01.56.07-768x432.jpg 768w, https:\/\/fdnoaxaca.net\/wp-content\/uploads\/2019\/11\/PicsArt_11-09-01.56.07.jpg 1920w\" sizes=\"auto, (max-width: 1024px) 100vw, 1024px\" \/><\/figure>\n\n\n\n<p>Los polic\u00edas asesinados fueron identificados como M. M. O., H. J. F. I., P. L. R., B. T. T., y G. J. L.; asimismo dos elementos m\u00e1s resultaron lesionados, quienes fueron trasladados a un hospital para su atenci\u00f3n m\u00e9dica. <br>\n <br>\nAl lugar se traslad\u00f3 personal de la Secretar\u00eda de Seguridad P\u00fablica y la Fiscal\u00eda, adscrito a Miahuatl\u00e1n de Porfirio D\u00edaz, para brindar la atenci\u00f3n necesaria y efectuar las diligencias correspondientes. <\/p>\n\n\n\n<p>Por estos hechos, la Fiscal\u00eda General de Justicia abri\u00f3 la carpeta de investigaci\u00f3n 38897\/FVCE\/EJUTLA\/2019 por los delitos de homicidio y lesiones. <br>\n<\/p>\n","protected":false},"excerpt":{"rendered":"<p>Oaxaca de Ju\u00e1rez, Oax. 8 de noviembre de 2019.- Cinco polic\u00edas estatales asesinados y dos m\u00e1s heridos, es el saldo de la emboscada a elementos de dos patrullas de la Secretar\u00eda de Seguridad P\u00fablica en Oaxaca, confirmaron esta instancia y la Fiscal\u00eda General de Justicia del Estado. La agresi\u00f3n sucedi\u00f3 la tarde de este viernes&#8230;<\/p>\n","protected":false},"author":4,"featured_media":2076,"comment_status":"closed","ping_status":"closed","sticky":false,"template":"","format":"standard","meta":{"footnotes":""},"categories":[49],"tags":[],"class_list":["post-2073","post","type-post","status-publish","format-standard","has-post-thumbnail","hentry","category-titulares"],"_links":{"self":[{"href":"https:\/\/fdnoaxaca.net\/index.php\/wp-json\/wp\/v2\/posts\/2073","targetHints":{"allow":["GET"]}}],"collection":[{"href":"https:\/\/fdnoaxaca.net\/index.php\/wp-json\/wp\/v2\/posts"}],"about":[{"href":"https:\/\/fdnoaxaca.net\/index.php\/wp-json\/wp\/v2\/types\/post"}],"author":[{"embeddable":true,"href":"https:\/\/fdnoaxaca.net\/index.php\/wp-json\/wp\/v2\/users\/4"}],"replies":[{"embeddable":true,"href":"https:\/\/fdnoaxaca.net\/index.php\/wp-json\/wp\/v2\/comments?post=2073"}],"version-history":[{"count":1,"href":"https:\/\/fdnoaxaca.net\/index.php\/wp-json\/wp\/v2\/posts\/2073\/revisions"}],"predecessor-version":[{"id":2077,"href":"https:\/\/fdnoaxaca.net\/index.php\/wp-json\/wp\/v2\/posts\/2073\/revisions\/2077"}],"wp:featuredmedia":[{"embeddable":true,"href":"https:\/\/fdnoaxaca.net\/index.php\/wp-json\/wp\/v2\/media\/2076"}],"wp:attachment":[{"href":"https:\/\/fdnoaxaca.net\/index.php\/wp-json\/wp\/v2\/media?parent=2073"}],"wp:term":[{"taxonomy":"category","embeddable":true,"href":"https:\/\/fdnoaxaca.net\/index.php\/wp-json\/wp\/v2\/categories?post=2073"},{"taxonomy":"post_tag","embeddable":true,"href":"https:\/\/fdnoaxaca.net\/index.php\/wp-json\/wp\/v2\/tags?post=2073"}],"curies":[{"name":"wp","href":"https:\/\/api.w.org\/{rel}","templated":true}]}}