{"id":2082,"date":"2019-11-11T18:14:18","date_gmt":"2019-11-11T18:14:18","guid":{"rendered":"http:\/\/fdnoaxaca.net\/?p=2082"},"modified":"2019-11-11T18:14:20","modified_gmt":"2019-11-11T18:14:20","slug":"con-ocho-foros-regionales-concluye-etapa-informativa-para-construir-ley-de-consulta-indigena-en-oaxaca","status":"publish","type":"post","link":"https:\/\/fdnoaxaca.net\/index.php\/2019\/11\/11\/con-ocho-foros-regionales-concluye-etapa-informativa-para-construir-ley-de-consulta-indigena-en-oaxaca\/","title":{"rendered":"Con ocho foros regionales concluye etapa informativa para construir Ley de Consulta Ind\u00edgena en Oaxaca"},"content":{"rendered":"\n<p>San Raymundo Jalpan, Oax. 11 de noviembre de 2019.- A trav\u00e9s de un proceso de di\u00e1logo abierto y exhaustivo, los diputados que integran la 64 Legislatura del Congreso local, realizaron este fin de semana un total de ocho foros regionales, con lo cual concluye la etapa informativa para construir la Ley de Consulta&nbsp; Previa Libre e Informada para los Pueblos Ind\u00edgenas&nbsp; y Afroamexicano en el Estado de Oaxaca.<\/p>\n\n\n\n<p>El 9 de noviembre se llevaron a cabo tres foros regionales en las siguientes sedes: en la zona de la Mixteca, fue la cancha municipal de Tlaxiaco; en la Sierra Sur, el centro del municipio de San Lorenzo Texmelucan, y para Valles Centrales, el foro informativo tuvo lugar en el Congreso del estado en el municipio de San Raymundo Jalpan. <\/p>\n\n\n\n<p>En tanto, el 10 de noviembre las sedes fueron en la Cuenca del Papaloapan, el Centro de Tuxtepec; en la Ca\u00f1ada, en Huautla de Jim\u00e9nez y en la Sierra Norte en el centro del municipio de Santo Domingo Tepuxtepec.<\/p>\n\n\n\n<figure class=\"wp-block-image\"><img loading=\"lazy\" decoding=\"async\" width=\"1024\" height=\"768\" src=\"http:\/\/fdnoaxaca.net\/wp-content\/uploads\/2019\/11\/IMG-20191110-WA0066-1024x768.jpg\" alt=\"\" class=\"wp-image-2084\" srcset=\"https:\/\/fdnoaxaca.net\/wp-content\/uploads\/2019\/11\/IMG-20191110-WA0066-1024x768.jpg 1024w, https:\/\/fdnoaxaca.net\/wp-content\/uploads\/2019\/11\/IMG-20191110-WA0066-300x225.jpg 300w, https:\/\/fdnoaxaca.net\/wp-content\/uploads\/2019\/11\/IMG-20191110-WA0066-768x576.jpg 768w, https:\/\/fdnoaxaca.net\/wp-content\/uploads\/2019\/11\/IMG-20191110-WA0066.jpg 1280w\" sizes=\"auto, (max-width: 1024px) 100vw, 1024px\" \/><\/figure>\n\n\n\n<p>Mientras que en la regi\u00f3n de la Costa, el foro informativo se desarroll\u00f3 en el municipio de Santiago Jamiltepec y para la zona del Istmo de Tehuantepec, la sede fue el Centro de Juchit\u00e1n de Zaragoza.<\/p>\n\n\n\n<p>Los foros regionales se llevaron a cabo en dos fases: una primera fase de exposici\u00f3n en la que se cont\u00f3 con la participaci\u00f3n de expertos en materia de derechos ind\u00edgenas y una segunda&nbsp; fase, en la que se recibieron preguntas y se dieron respuestas a todos los asistentes que expresaron sus inquietudes.<\/p>\n\n\n\n<p>En su intervenci\u00f3n al inaugurar el foro regional informativo en la zona del Istmo, la diputada Gloria S\u00e1nchez, presidenta de la Comisi\u00f3n Permanente de Asuntos Ind\u00edgenas, resalt\u00f3 la gran participaci\u00f3n de la ciudadan\u00eda en la construcci\u00f3n de la Ley de Consulta Ind\u00edgena y sostuvo que este ejercicio democr\u00e1tico es el camino para hacer justicia a la comunidades.<\/p>\n\n\n\n<p>Inform\u00f3 que ser\u00e1 en la pr\u00f3xima etapa de consulta, cuando el Congreso del Estado junto con los Pueblos Ind\u00edgenas y Afromexicanos, lleguen a acuerdos y se avance a la etapa deliberativa de la Ley de Consulta\u00a0 Previa Libre e Informada para los Pueblos Ind\u00edgenas\u00a0 y Afroamexicano en el Estado de Oaxaca.<\/p>\n\n\n\n<figure class=\"wp-block-image\"><img loading=\"lazy\" decoding=\"async\" width=\"1024\" height=\"576\" src=\"http:\/\/fdnoaxaca.net\/wp-content\/uploads\/2019\/11\/IMG-20191110-WA0063-1024x576.jpg\" alt=\"\" class=\"wp-image-2085\" srcset=\"https:\/\/fdnoaxaca.net\/wp-content\/uploads\/2019\/11\/IMG-20191110-WA0063-1024x576.jpg 1024w, https:\/\/fdnoaxaca.net\/wp-content\/uploads\/2019\/11\/IMG-20191110-WA0063-300x169.jpg 300w, https:\/\/fdnoaxaca.net\/wp-content\/uploads\/2019\/11\/IMG-20191110-WA0063-768x432.jpg 768w, https:\/\/fdnoaxaca.net\/wp-content\/uploads\/2019\/11\/IMG-20191110-WA0063.jpg 1280w\" sizes=\"auto, (max-width: 1024px) 100vw, 1024px\" \/><\/figure>\n\n\n\n<p>Los trabajos de estos foros fueron coordinados por la Comisi\u00f3n Permanente de Asuntos Ind\u00edgenas y Migraci\u00f3n, integrada por los diputados, Gloria S\u00e1nchez, Sa\u00fal Cruz Jim\u00e9nez, Horacio Sosa Villavicencio, Emilio Joaqu\u00edn Garc\u00eda Aguilar y Mar\u00eda Lilia Arcelia Mendoza Cruz.<\/p>\n\n\n\n<p>En tanto, por la Comisi\u00f3n de Derechos Humanos, se integraron las diputadas: Magaly L\u00f3pez Dom\u00ednguez, Victoria Cruz Villar, Elisa Zepeda Lagunas, Magda Isabel Rend\u00f3n Tirado, as\u00ed como el diputado Alejandro L\u00f3pez Bravo.<\/p>\n\n\n\n<p>La Comisi\u00f3n de Procuraci\u00f3n de Justicia&nbsp; integrada por las diputadas Elisa Zepeda Lagunas, Magaly L\u00f3pez Dom\u00ednguez, Karina Espino Carmona y los diputados Jorge Octavio Villaca\u00f1a y No\u00e9 Doroteo Castillejos tambi\u00e9n integraron los trabajos.<\/p>\n\n\n\n<p>Y la Comisi\u00f3n de Democracia y Participaci\u00f3n Ciudadana, en la que participan los diputados, Arcelia L\u00f3pez Hern\u00e1ndez, Delfina Elizabeth Guzm\u00e1n , Mar\u00eda de Jes\u00fas Mendoza S\u00e1nchez, Alejandro L\u00f3pez Bravo y Arsenio Mej\u00eda\u00a0 Aguilar.<\/p>\n\n\n\n<figure class=\"wp-block-image\"><img loading=\"lazy\" decoding=\"async\" width=\"1024\" height=\"682\" src=\"http:\/\/fdnoaxaca.net\/wp-content\/uploads\/2019\/11\/IMG-20191110-WA0046-1024x682.jpg\" alt=\"\" class=\"wp-image-2086\" srcset=\"https:\/\/fdnoaxaca.net\/wp-content\/uploads\/2019\/11\/IMG-20191110-WA0046-1024x682.jpg 1024w, https:\/\/fdnoaxaca.net\/wp-content\/uploads\/2019\/11\/IMG-20191110-WA0046-300x200.jpg 300w, https:\/\/fdnoaxaca.net\/wp-content\/uploads\/2019\/11\/IMG-20191110-WA0046-768x512.jpg 768w, https:\/\/fdnoaxaca.net\/wp-content\/uploads\/2019\/11\/IMG-20191110-WA0046-600x400.jpg 600w, https:\/\/fdnoaxaca.net\/wp-content\/uploads\/2019\/11\/IMG-20191110-WA0046-272x182.jpg 272w, https:\/\/fdnoaxaca.net\/wp-content\/uploads\/2019\/11\/IMG-20191110-WA0046.jpg 1280w\" sizes=\"auto, (max-width: 1024px) 100vw, 1024px\" \/><\/figure>\n\n\n\n<p>En estos foros&nbsp; se cont\u00f3 con la participaci\u00f3n de autoridades municipales, autoridades comunitarias, autoridades tradicionales, n\u00facleos agrarios, representantes de la sociedad civil, organizaciones sociales, as\u00ed como ciudadanos, pertenecientes a los pueblos y comunidades ind\u00edgenas.<\/p>\n\n\n\n<p>Tambi\u00e9n asistieron observadores de organizaciones con conocimiento y experiencia relacionado con el tema de consulta, as\u00ed como traductores de Lenguas Ind\u00edgenas y sus variantes pertenecientes al Instituto Nacional de los Pueblos Ind\u00edgenas e integrantes de la Defensor\u00eda de los Derechos Humanos del Pueblo de Oaxaca.<br>\n<\/p>\n","protected":false},"excerpt":{"rendered":"<p>San Raymundo Jalpan, Oax. 11 de noviembre de 2019.- A trav\u00e9s de un proceso de di\u00e1logo abierto y exhaustivo, los diputados que integran la 64 Legislatura del Congreso local, realizaron este fin de semana un total de ocho foros regionales, con lo cual concluye la etapa informativa para construir la Ley de Consulta&nbsp; Previa Libre&#8230;<\/p>\n","protected":false},"author":4,"featured_media":2087,"comment_status":"closed","ping_status":"closed","sticky":false,"template":"","format":"standard","meta":{"footnotes":""},"categories":[4],"tags":[],"class_list":["post-2082","post","type-post","status-publish","format-standard","has-post-thumbnail","hentry","category-general"],"_links":{"self":[{"href":"https:\/\/fdnoaxaca.net\/index.php\/wp-json\/wp\/v2\/posts\/2082","targetHints":{"allow":["GET"]}}],"collection":[{"href":"https:\/\/fdnoaxaca.net\/index.php\/wp-json\/wp\/v2\/posts"}],"about":[{"href":"https:\/\/fdnoaxaca.net\/index.php\/wp-json\/wp\/v2\/types\/post"}],"author":[{"embeddable":true,"href":"https:\/\/fdnoaxaca.net\/index.php\/wp-json\/wp\/v2\/users\/4"}],"replies":[{"embeddable":true,"href":"https:\/\/fdnoaxaca.net\/index.php\/wp-json\/wp\/v2\/comments?post=2082"}],"version-history":[{"count":1,"href":"https:\/\/fdnoaxaca.net\/index.php\/wp-json\/wp\/v2\/posts\/2082\/revisions"}],"predecessor-version":[{"id":2088,"href":"https:\/\/fdnoaxaca.net\/index.php\/wp-json\/wp\/v2\/posts\/2082\/revisions\/2088"}],"wp:featuredmedia":[{"embeddable":true,"href":"https:\/\/fdnoaxaca.net\/index.php\/wp-json\/wp\/v2\/media\/2087"}],"wp:attachment":[{"href":"https:\/\/fdnoaxaca.net\/index.php\/wp-json\/wp\/v2\/media?parent=2082"}],"wp:term":[{"taxonomy":"category","embeddable":true,"href":"https:\/\/fdnoaxaca.net\/index.php\/wp-json\/wp\/v2\/categories?post=2082"},{"taxonomy":"post_tag","embeddable":true,"href":"https:\/\/fdnoaxaca.net\/index.php\/wp-json\/wp\/v2\/tags?post=2082"}],"curies":[{"name":"wp","href":"https:\/\/api.w.org\/{rel}","templated":true}]}}