{"id":2136,"date":"2019-11-14T16:51:49","date_gmt":"2019-11-14T16:51:49","guid":{"rendered":"http:\/\/fdnoaxaca.net\/?p=2136"},"modified":"2019-11-14T16:51:52","modified_gmt":"2019-11-14T16:51:52","slug":"denuncian-familiares-omision-en-busqueda-de-policia-municipal-y-expolicia-desaparecidos","status":"publish","type":"post","link":"https:\/\/fdnoaxaca.net\/index.php\/2019\/11\/14\/denuncian-familiares-omision-en-busqueda-de-policia-municipal-y-expolicia-desaparecidos\/","title":{"rendered":"Denuncian familiares omisi\u00f3n en b\u00fasqueda de polic\u00eda municipal y expolic\u00eda desaparecidos"},"content":{"rendered":"\n<p>Oaxaca de Ju\u00e1rez, Oax. 14 de noviembre de 2019.- Familiares de un polic\u00eda municipal de la ciudad de Oaxaca y un expolic\u00eda presuntamente desaparecidos en Tlahuitoltepec, se manifestaron este jueves frente al Palacio de Gobierno, para denunciar la omisi\u00f3n de las autoridades estatales en la b\u00fasqueda de los dos hombres. <\/p>\n\n\n\n<p>Teresa Heredia, esposa del polic\u00eda activo del municipio de Oaxaca de Ju\u00e1rez, C\u00e9sar Altamirano Garc\u00eda, denunci\u00f3 que el personal de la Fiscal\u00eda General de Justicia del Estado no ha podido ingresar a Tlahuitoltepec, municipio de la etnia mixe ubicado en la regi\u00f3n de la Sierra Norte, donde habr\u00eda desaparecido.<\/p>\n\n\n\n<p>Acus\u00f3 que las autoridades le han dicho que la comunidad de este municipio mixe impide el ingreso. Tras ello, pidi\u00f3 al gobierno de Oaxaca y federal su intervenci\u00f3n para que las autoridades de Tlahuitoltepec informen lo sucedido. <\/p>\n\n\n\n<p>&#8220;En las redes sociales se maneja que los agredieron, que los lincharon, sin embargo, las autoridades de Tlahuitoltepec no han manifestado absolutamente nada, no hay parte acusadora, la persona lesionada no se ha manifestado y yo tampoco tengo la certeza de que la persona que estoy buscando sea una de ellos (polic\u00eda desaparecido)&#8221;, denunci\u00f3. <\/p>\n\n\n\n<p>El 7 de noviembre, el polic\u00eda C\u00e9sar Altamirano, de 43 a\u00f1os y el expolic\u00eda Heriberto Antonio Cruz D\u00edaz, de 36 a\u00f1os, desaparecieron; el primero viajaba en una camioneta Seat tipo Alambra, y el segundo en una motocicleta. <\/p>\n\n\n\n<p>Ese mismo d\u00eda, pero en Santa Mar\u00eda Tlahuitoltepec, municipio mixe, se report\u00f3 que individuos armados ingresaron a un domicilio a alrededor de las 14:00 horas y presuntamente golpearon a una persona quien result\u00f3 lesionada y fue trasladada al hospital para recibir atenci\u00f3n m\u00e9dica. <\/p>\n\n\n\n<p>De acuerdo con reportes preliminares, debido a ello un grupo de pobladores retuvo a los dos hombres y presuntamente los lincharon. <\/p>\n\n\n\n<p>En el lugar, fue hallada una camioneta Seat tipo Alambra, la cual coincide con las caracter\u00edsticas del veh\u00edculo en el que viajaba el polic\u00eda C\u00e9sar Altamirano, de ah\u00ed que las familias suponen que los polic\u00edas habr\u00edan desaparecido en esta zona de la Sierra Norte. <br>\n<\/p>\n","protected":false},"excerpt":{"rendered":"<p>Oaxaca de Ju\u00e1rez, Oax. 14 de noviembre de 2019.- Familiares de un polic\u00eda municipal de la ciudad de Oaxaca y un expolic\u00eda presuntamente desaparecidos en Tlahuitoltepec, se manifestaron este jueves frente al Palacio de Gobierno, para denunciar la omisi\u00f3n de las autoridades estatales en la b\u00fasqueda de los dos hombres. Teresa Heredia, esposa del polic\u00eda&#8230;<\/p>\n","protected":false},"author":4,"featured_media":2138,"comment_status":"closed","ping_status":"closed","sticky":false,"template":"","format":"standard","meta":{"footnotes":""},"categories":[49],"tags":[],"class_list":["post-2136","post","type-post","status-publish","format-standard","has-post-thumbnail","hentry","category-titulares"],"_links":{"self":[{"href":"https:\/\/fdnoaxaca.net\/index.php\/wp-json\/wp\/v2\/posts\/2136","targetHints":{"allow":["GET"]}}],"collection":[{"href":"https:\/\/fdnoaxaca.net\/index.php\/wp-json\/wp\/v2\/posts"}],"about":[{"href":"https:\/\/fdnoaxaca.net\/index.php\/wp-json\/wp\/v2\/types\/post"}],"author":[{"embeddable":true,"href":"https:\/\/fdnoaxaca.net\/index.php\/wp-json\/wp\/v2\/users\/4"}],"replies":[{"embeddable":true,"href":"https:\/\/fdnoaxaca.net\/index.php\/wp-json\/wp\/v2\/comments?post=2136"}],"version-history":[{"count":1,"href":"https:\/\/fdnoaxaca.net\/index.php\/wp-json\/wp\/v2\/posts\/2136\/revisions"}],"predecessor-version":[{"id":2139,"href":"https:\/\/fdnoaxaca.net\/index.php\/wp-json\/wp\/v2\/posts\/2136\/revisions\/2139"}],"wp:featuredmedia":[{"embeddable":true,"href":"https:\/\/fdnoaxaca.net\/index.php\/wp-json\/wp\/v2\/media\/2138"}],"wp:attachment":[{"href":"https:\/\/fdnoaxaca.net\/index.php\/wp-json\/wp\/v2\/media?parent=2136"}],"wp:term":[{"taxonomy":"category","embeddable":true,"href":"https:\/\/fdnoaxaca.net\/index.php\/wp-json\/wp\/v2\/categories?post=2136"},{"taxonomy":"post_tag","embeddable":true,"href":"https:\/\/fdnoaxaca.net\/index.php\/wp-json\/wp\/v2\/tags?post=2136"}],"curies":[{"name":"wp","href":"https:\/\/api.w.org\/{rel}","templated":true}]}}